{"id":68022,"date":"2019-11-20T12:11:02","date_gmt":"2019-11-20T17:11:02","guid":{"rendered":"https:\/\/linitiative.ca\/International\/le-parlement-de-lenfant-un-exemple-edifiant\/"},"modified":"2019-11-20T12:11:02","modified_gmt":"2019-11-20T17:11:02","slug":"le-parlement-de-lenfant-un-exemple-edifiant","status":"publish","type":"post","link":"https:\/\/linitiative.ca\/International\/le-parlement-de-lenfant-un-exemple-edifiant\/","title":{"rendered":"Le Parlement de l\u2019enfant,  un \u00ab\u00a0exemple \u00e9difiant\u00a0\u00bb"},"content":{"rendered":"<div readability=\"42\">\n<p>Marrakech \u2013 Le Parlement de l\u2019enfant reste un \u00ab\u00a0exemple \u00e9difiant\u00a0\u00bb de la politique clairvoyante de Sa Majest\u00e9 le Roi Mohammed VI qui a donn\u00e9 Ses Hautes Instructions Royales pour la cr\u00e9ation de ce m\u00e9canisme, sous la Pr\u00e9sidence de Son Altesse Royale la Princesse Lalla Meryem, ayant \u00e0 l\u2019esprit que toute soci\u00e9t\u00e9 militante dans le domaine de l\u2019enfance doit disposer de m\u00e9canismes et d\u2019institutions d\u00e9di\u00e9s aux enfants, a affirm\u00e9, mercredi \u00e0 Marrakech, l\u2019Ambassadeur Repr\u00e9sentant Permanent du Maroc aupr\u00e8s de l\u2019ONU, et Pr\u00e9sident du Conseil Ex\u00e9cutif de l\u2019UNICEF, M. Omar Hilale.<\/p>\n<\/div>\n<div readability=\"187\">\n<p>\u00ab\u00a0A cet \u00e9gard, le Parlement de l\u2019enfant marocain offre la belle image d\u2019une soci\u00e9t\u00e9 d\u00e9mocratique qui inclut toutes ses composantes et reste \u00e0 l\u2019\u00e9coute de ses citoyens, notamment les plus jeunes d\u2019entre eux, et prend en compte concr\u00e8tement leurs aspirations les plus ch\u00e8res\u00a0\u00bb, a soulign\u00e9 M. Hilale, qui intervenait \u00e0 l\u2019ouverture de la 16\u00e8me \u00e9dition du Congr\u00e8s National des Droits de l\u2019Enfant, ajoutant que \u00ab\u00a0les 395 enfants, qui y sont \u00e9lus, repr\u00e9sentent la richesse et la diversit\u00e9 de nos r\u00e9gions et expriment les aspirations des jeunes du Maroc\u00a0\u00bb.<\/p>\n<p>Tout en s\u2019adressant aux jeunes parlementaires pr\u00e9sents, M. Hilale a aussi soutenu que le Parlement de l\u2019enfant est \u00ab\u00a0une occasion unique qui vous permet, vous les jeunes, de faire ce que les d\u00e9put\u00e9s pratiquent habituellement: c\u2019est-\u00e0-dire, repr\u00e9senter une fraction importante de notre population, exprimer vos ambitions, vos pr\u00e9occupations et vos attentes, et interpeller vos a\u00een\u00e9s, les repr\u00e9sentants politiques, sur le monde que vous souhaitez qu\u2019ils vous laissent\u00a0\u00bb.<\/p>\n<p>\u00ab\u00a0Vos propositions sont d\u2019une pertinence, d\u2019une originalit\u00e9 et d\u2019un int\u00e9r\u00eat particulier qui m\u00e9ritent qu\u2019elles soient reconnues\u00a0\u00bb, a-t-il insist\u00e9.<\/p>\n<p>\u00ab\u00a0Sachez que ce que vous faites au sein du Parlement de l\u2019enfant n\u2019est pas un divertissement ou une r\u00e9cr\u00e9ation. Vous n\u2019apprenez pas seulement \u00e0 comprendre le r\u00f4le du d\u00e9put\u00e9, \u00e0 \u00e9laborer des lois, ou \u00e0 interroger un ministre. Ce que vous faites au Parlement de l\u2019enfant est un apprentissage pour la vie\u00a0\u00bb, a-t-il poursuivi.<\/p>\n<p>Et l\u2019Ambassadeur Hilale d\u2019encha\u00eener: \u00ab\u00a0Vous apprenez \u00e0 \u00e9couter ce que dit l\u2019autre, \u00e0 respecter son opinion, \u00e0 dialoguer et \u00e9changer des id\u00e9es, sans recours \u00e0 la violence ni \u00e0 la haine, ni \u00e0 l\u2019exclusion. Ce que vous faites au sein du Parlement de l\u2019enfant est une formation sur les r\u00e8gles qui r\u00e9gissent la vie d\u2019une soci\u00e9t\u00e9 d\u00e9mocratique et organis\u00e9e, bas\u00e9e sur les droits mais, \u00e9galement, des obligations\u00a0\u00bb.<\/p>\n<p>A cet \u00e9gard, a-t-il dit, la c\u00e9l\u00e9bration de ce 20\u00e8me anniversaire du Parlement de l\u2019enfant marocain \u00ab\u00a0ne devrait \u00eatre ni un moment de c\u00e9l\u00e9bration, ni une fin en soi. Elle doit \u00eatre pour vous, toutes et tous, un moment fort d\u2019un exercice citoyen, qui s\u2019est entam\u00e9 avant d\u2019\u00eatre membre dans cette institution et qui se poursuivra bien apr\u00e8s\u00a0\u00bb.<\/p>\n<p>\u00ab\u00a0N\u2019oubliez jamais les le\u00e7ons que vous auriez apprises en participant au Parlement de l\u2019enfant \u00e0 cet exercice -les le\u00e7ons de citoyennet\u00e9, de civisme et de d\u00e9mocratie. N\u2019oubliez pas les r\u00e8gles et les proc\u00e9dures que vous auriez apprises en \u00e9tant enfant parlementaire\u00a0\u00bb, a pr\u00e9cis\u00e9 M. Hilale, estimant que \u00ab\u00a0la pratique de la d\u00e9mocratie, comme toutes les activit\u00e9s humaines, a besoin de r\u00e8gles qui soient pratiqu\u00e9es et respect\u00e9es\u00a0\u00bb. \u00ab\u00a0Le respect des proc\u00e9dures d\u00e9mocratiques doit continuer \u00e0 \u00eatre un exercice quotidien, un exercice d\u00e9mocratique permanent. La pratique de la d\u00e9mocratie a besoin de femmes et d\u2019hommes honn\u00eates qui pensent \u00e0 servir les int\u00e9r\u00eats communs. C\u2019est aussi cela le sens du Parlement des Enfants\u00a0\u00bb, a-t-il dit.<\/p>\n<p>\u00ab\u00a0Vous \u00eates la g\u00e9n\u00e9ration des futurs leaders. Votre r\u00f4le en tant que jeunes parlementaires est de pr\u00e9server et transmettre aux g\u00e9n\u00e9rations futures les valeurs de notre pays, celles de l\u2019unit\u00e9 dans la diversit\u00e9, de tol\u00e9rance, de d\u00e9mocratie, de citoyennet\u00e9, de civisme, et de la solidarit\u00e9\u00a0\u00bb, a fait remarquer M. Hilale, relevant que \u00ab\u00a0Vous \u00eates les militants des droits des enfants. Vous \u00eates les porte-paroles de vos camarades de classe, des jeunes de vos quartiers, de vos villages, de vos villes\u00a0\u00bb.<\/p>\n<p>Apr\u00e8s avoir rappel\u00e9 que ces jeunes parlementaires sont l\u00e0 pour partager leurs pr\u00e9occupations et leurs aspirations, d\u00e9fendre leurs droits, d\u00e9poser des propositions de loi qui aideront \u00e0 am\u00e9liorer concr\u00e8tement leur situation, surtout ceux des plus vuln\u00e9rables d\u2019entre eux, M. Hilale a appel\u00e9 ces jeunes \u00e0 saisir l\u2019occasion offerte gr\u00e2ce au Parlement de l\u2019enfant pour \u00ab\u00a0mener des actions de sensibilisation et de plaidoyer dans vos \u00e9coles, vos quartiers, vos communes, vos villages et vos villes, sur les questions qui vous touchent le plus -enfant du monde rural, mariage pr\u00e9coce, abandon scolaire etc\u00a0\u00bb.<\/p>\n<p>\u00ab\u00a0L\u2019\u00e9ch\u00e9ance 2030 annonc\u00e9e par les dirigeants du monde est dans moins de 11 ans. Vous serez alors de jeunes adultes responsables. Vous les jeunes, vous \u00eates la premi\u00e8re richesse du pays. Vous \u00eates un levier fondamental pour un d\u00e9veloppement plus inclusif\u00a0\u00bb, a-t-il conclu.<\/p>\n<p>Organis\u00e9e par l\u2019Observatoire National des Droits de l\u2019Enfant (ONDE) sous le Haut Patronage de Sa Majest\u00e9 le Roi Mohammed VI et la pr\u00e9sidence effective de Son Altesse Royale la Princesse Lalla Meryem, la 16\u00e8me \u00e9dition du Congr\u00e8s national des droits de l\u2019enfant se veut l\u2019occasion de c\u00e9l\u00e9brer les 30 ans de la Convention Internationale des Droits de l\u2019Enfant (CIDE), de dresser le bilan de la situation de l\u2019enfance depuis la ratification de la CIDE par le Maroc et de mobiliser les forces vives du Royaume pour mettre l\u2019enfant au centre du nouveau mod\u00e8le de d\u00e9veloppement.<\/p>\n<p>Le Congr\u00e8s national des droits de l\u2019enfant, dans une d\u00e9marche \u00e0 la fois r\u00e9trospective et prospective, constitue cette ann\u00e9e un \u00e9v\u00e9nement d\u2019envergure nationale et internationale auquel prennent part plus de 3.000 participants, parmi lesquels les membres de l\u2019Ex\u00e9cutif, des responsables publics, des personnalit\u00e9s onusiennes, des repr\u00e9sentants de la soci\u00e9t\u00e9 civile et du secteur priv\u00e9 et les enfants eux-m\u00eames, notamment les enfants parlementaires qui c\u00e9l\u00e9breront, dans ce cadre, les 20 ans du Parlement de l\u2019enfant.<\/p>\n<p>Cet \u00e9v\u00e9nement de port\u00e9e internationale se veut aussi un plaidoyer en faveur de l\u2019enfant, et s\u2019inscrit dans le cadre d\u2019une nouvelle dynamique insuffl\u00e9e par l\u2019ONDE pour catalyser les actions futures des hauts responsables et des experts de la question de l\u2019enfance aux niveaux national et africain.<\/p>\n<p>L\u2019objectif ultime est d\u2019\u00e9riger l\u2019enfant en priorit\u00e9 nationale, en engageant les parties prenantes \u00e0 adopter une nouvelle approche qui devra d\u00e9sormais \u00eatre ax\u00e9e sur les r\u00e9sultats, avec pour finalit\u00e9 de faire de l\u2019enfant, premi\u00e8re richesse du pays et du Continent, un levier de d\u00e9veloppement.<\/p>\n<p>Les conclusions et engagements qui seront pris \u00e0 Marrakech constitueront une nouvelle feuille de route int\u00e9gr\u00e9e, permettant ainsi au Maroc d\u2019optimiser son potentiel humain, v\u00e9ritable richesse immat\u00e9rielle qui accompagne la r\u00e9alisation de ses ambitions \u00e9conomiques, politiques, sociales et culturelles.<\/p>\n<\/div>\n<p>Auteur: Meriem IGASS<br \/>\n<a href=\"http:\/\/www.mapmarrakech.ma\/fr\/enfant-2\/\">Cliquez ici pour lire l&rsquo;article depuis sa source.<\/a><\/p>\n","protected":false},"excerpt":{"rendered":"<p>Marrakech \u2013 Le Parlement de l\u2019enfant reste un \u00ab\u00a0exemple \u00e9difiant\u00a0\u00bb de la politique clairvoyante de Sa Majest\u00e9 le Roi Mohammed VI qui a donn\u00e9 Ses Hautes Instructions Royales pour la cr\u00e9ation de ce m\u00e9canisme, sous la Pr\u00e9sidence de Son Altesse Royale la Princesse Lalla Meryem, ayant \u00e0 l\u2019esprit que toute soci\u00e9t\u00e9 militante dans le domaine [&hellip;]<\/p>\n","protected":false},"author":1788,"featured_media":0,"comment_status":"closed","ping_status":"closed","sticky":false,"template":"","format":"standard","meta":{"fifu_image_url":"","fifu_image_alt":"","footnotes":""},"categories":[54,76],"tags":[],"class_list":["post-68022","post","type-post","status-publish","format-standard","hentry","category-maroc","category-regions"],"_links":{"self":[{"href":"https:\/\/linitiative.ca\/International\/wp-json\/wp\/v2\/posts\/68022","targetHints":{"allow":["GET"]}}],"collection":[{"href":"https:\/\/linitiative.ca\/International\/wp-json\/wp\/v2\/posts"}],"about":[{"href":"https:\/\/linitiative.ca\/International\/wp-json\/wp\/v2\/types\/post"}],"author":[{"embeddable":true,"href":"https:\/\/linitiative.ca\/International\/wp-json\/wp\/v2\/users\/1788"}],"replies":[{"embeddable":true,"href":"https:\/\/linitiative.ca\/International\/wp-json\/wp\/v2\/comments?post=68022"}],"version-history":[{"count":0,"href":"https:\/\/linitiative.ca\/International\/wp-json\/wp\/v2\/posts\/68022\/revisions"}],"wp:attachment":[{"href":"https:\/\/linitiative.ca\/International\/wp-json\/wp\/v2\/media?parent=68022"}],"wp:term":[{"taxonomy":"category","embeddable":true,"href":"https:\/\/linitiative.ca\/International\/wp-json\/wp\/v2\/categories?post=68022"},{"taxonomy":"post_tag","embeddable":true,"href":"https:\/\/linitiative.ca\/International\/wp-json\/wp\/v2\/tags?post=68022"}],"curies":[{"name":"wp","href":"https:\/\/api.w.org\/{rel}","templated":true}]}}