{"id":68023,"date":"2019-11-20T13:06:56","date_gmt":"2019-11-20T18:06:56","guid":{"rendered":"https:\/\/linitiative.ca\/International\/parlement-de-lenfant-experience-remarquable\/"},"modified":"2019-11-20T13:06:56","modified_gmt":"2019-11-20T18:06:56","slug":"parlement-de-lenfant-experience-remarquable","status":"publish","type":"post","link":"https:\/\/linitiative.ca\/International\/parlement-de-lenfant-experience-remarquable\/","title":{"rendered":"Parlement de l\u2019Enfant: Exp\u00e9rience \u00ab\u00a0remarquable\u00a0\u00bb"},"content":{"rendered":"<div readability=\"41\">\n<p>Marrakech \u2013 Le ministre de l\u2019Education nationale, de la Formation professionnelle, de l\u2019Enseignement sup\u00e9rieur et de la Recherche scientifique, Saaid Amzazi, a mis en avant, mercredi \u00e0 Marrakech, l\u2019exp\u00e9rience \u00ab\u00a0remarquable\u00a0\u00bb et \u00ab\u00a0prometteuse\u00a0\u00bb que repr\u00e9sente le Parlement de l\u2019enfant.<\/p>\n<\/div>\n<div readability=\"163\">\n<p>Dans une allocution lue en son nom par le secr\u00e9taire g\u00e9n\u00e9ral du minist\u00e8re, Youssef Belkacem, \u00e0 l\u2019ouverture de la 16\u00e8me \u00e9dition du Congr\u00e8s national des droits de l\u2019enfant, M. Amzazi s\u2019est f\u00e9licit\u00e9 de l\u2019engagement, de l\u2019adh\u00e9sion, de la force de proposition, de la qualit\u00e9 des initiatives et de la contribution des enfants parlementaires qui ont su faire du Parlement de l\u2019Enfant \u00ab\u00a0un m\u00e9canisme efficient pour la d\u00e9fense des questions de l\u2019enfance\u00a0\u00bb et \u00ab\u00a0une v\u00e9ritable \u00e9cole pour la cons\u00e9cration de la culture du dialogue et de la citoyennet\u00e9 ainsi que des valeurs de d\u00e9mocratie\u00a0\u00bb.<\/p>\n<p>Il a \u00e9galement indiqu\u00e9 que l\u2019Observatoire National des Droits de l\u2019Enfant (ONDE), pr\u00e9sid\u00e9 par Son Altesse Royale la Princesse Lalla Meryem, a donn\u00e9 \u00ab\u00a0une forte impulsion\u00a0\u00bb aux efforts de cons\u00e9cration des droits de l\u2019enfant dans les diff\u00e9rents domaines, faisant remarquer que les initiatives entreprises dans le cadre du partenariat fructueux entre l\u2019Observatoire et le minist\u00e8re ont eu un impact positif sur la garantie des droits fondamentaux de l\u2019enfant.<\/p>\n<p>Notant que ce Congr\u00e8s co\u00efncide avec la c\u00e9l\u00e9bration du 30\u00e8me anniversaire de la Convention Internationale des Droits de l\u2019Enfant (CIDE), M. Amzazi a indiqu\u00e9 que ce Conclave constitue une occasion pour faire la lumi\u00e8re sur les r\u00e9alisations et les perspectives d\u2019avenir dans le domaine de la mise en \u0153uvre des droits stipul\u00e9s par ladite Convention, mettant l\u2019accent sur l\u2019engagement du Royaume vis-\u00e0-vis de la cons\u00e9cration de ces droits, en particulier le droit \u00e0 l\u2019enseignement.<\/p>\n<p>Il s\u2019agit d\u2019un droit que le Maroc a veill\u00e9 \u00e0 pr\u00e9server en le consacrant constitutionnellement en tant que droit de l\u2019enfant et un devoir de la famille et de l\u2019Etat, a soulign\u00e9 M. Amzazi.<\/p>\n<p>Il a, dans la foul\u00e9e, encha\u00een\u00e9 que le minist\u00e8re veille \u00e0 garantir le droit absolu et \u00e9quitable \u00e0 l\u2019enseignement, \u00e0 travers l\u2019\u00e9largissement de l\u2019offre scolaire et la pr\u00e9sentation des services de soutien social en vue d\u2019aplanir les entraves socio-\u00e9conomiques et territoriales qui se dressent devant la scolarisation des enfants issus du milieu rural et des familles \u00e0 revenus limit\u00e9s, outre la lutte contre la d\u00e9perdition scolaire.<\/p>\n<p>Ces efforts ont permis de r\u00e9aliser un saut qualitatif durant les 30 derni\u00e8res ann\u00e9es en mati\u00e8re de g\u00e9n\u00e9ralisation de la scolarisation, a-t-il fait constater, pr\u00e9cisant que son d\u00e9partement accorde un int\u00e9r\u00eat particulier \u00e9galement aux activit\u00e9s de la vie scolaire, qui contribuent \u00e0 l\u2019\u00e9panouissement des enfants et \u00e0 leur \u00e9ducation aux valeurs, en particulier par le biais de la cr\u00e9ation de clubs scolaires.<\/p>\n<p>M. Amzazi a, en outre, rappel\u00e9 la mise en place d\u2019une strat\u00e9gie nationale pour la lutte contre la violence en milieu scolaire et soulign\u00e9 l\u2019int\u00e9r\u00eat accord\u00e9 \u00e0 la sant\u00e9 scolaire.<\/p>\n<p>De son c\u00f4t\u00e9, le secr\u00e9taire g\u00e9n\u00e9ral du Parlement arabe de l\u2019enfant, Ayman Othman Al-Barout a fait observer qu\u2019en d\u00e9pit des acquis accomplis en faveur de l\u2019enfance dans les pays arabes, il est, toutefois, regrettable que des enfants souffrent encore de \u00ab\u00a0probl\u00e8mes graves\u00a0\u00bb, comme le font ressortir les indicateurs du d\u00e9veloppement humain \u00e0 l\u2019\u00e9chelle mondiale.<\/p>\n<p>Il a, dans ce sillage, cit\u00e9 des probl\u00e8mes li\u00e9s au manque des droits \u00e9l\u00e9mentaires \u00e0 une vie digne, \u00e0 la scolarisation, \u00e0 l\u2019absence d\u2019une couverture m\u00e9dicale et \u00e0 la hausse de la moyenne de mortalit\u00e9 en raison de l\u2019insuffisance des vaccins contre certaines maladies.<\/p>\n<p>Il a, toutefois, soulign\u00e9 l\u2019existence d\u2019exp\u00e9riences \u00ab\u00a0pionni\u00e8res\u00a0\u00bb dans certains Etats arabes, dont le Maroc et les Emirats Arabes Unis, qui ont r\u00e9alis\u00e9 d\u2019importantes avanc\u00e9es en mati\u00e8re de d\u00e9veloppement humain, notamment dans le cadre des indicateurs se rapportant \u00e0 l\u2019enfance.<\/p>\n<p>Apr\u00e8s avoir donn\u00e9 un large aper\u00e7u sur le Parlement arabe de l\u2019Enfant et les principales missions et objectifs de cette institution panarabe, M. Al-Barout a insist\u00e9 sur l\u2019importance du renforcement du partenariat avec les autres organismes pour assurer un avenir \u00ab\u00a0radieux et prosp\u00e8re\u00a0\u00bb \u00e0 l\u2019enfance dans le monde arabe.<\/p>\n<p>Organis\u00e9e par l\u2019Observatoire National des Droits de l\u2019Enfant (ONDE) sous le Haut Patronage de Sa Majest\u00e9 le Roi Mohammed VI et la pr\u00e9sidence effective de Son Altesse Royale la Princesse Lalla Meryem, la 16\u00e8me \u00e9dition du Congr\u00e8s national des droits de l\u2019enfant se veut l\u2019occasion de c\u00e9l\u00e9brer les 30 ans de la Convention Internationale des Droits de l\u2019Enfant (CIDE), de dresser le bilan de la situation de l\u2019enfance depuis la ratification de la CIDE par le Maroc et de mobiliser les forces vives du Royaume pour mettre l\u2019enfant au centre du nouveau mod\u00e8le de d\u00e9veloppement.<\/p>\n<p>Le Congr\u00e8s national des droits de l\u2019enfant, dans une d\u00e9marche \u00e0 la fois r\u00e9trospective et prospective, constitue cette ann\u00e9e un \u00e9v\u00e9nement d\u2019envergure nationale et internationale auquel prennent part plus de 3.000 participants, parmi lesquels les membres de l\u2019Ex\u00e9cutif, des responsables publics, des personnalit\u00e9s onusiennes, des repr\u00e9sentants de la soci\u00e9t\u00e9 civile et du secteur priv\u00e9 et les enfants eux-m\u00eames, notamment les enfants parlementaires qui c\u00e9l\u00e9breront, dans ce cadre, les 20 ans du Parlement de l\u2019enfant.<\/p>\n<p>Cet \u00e9v\u00e9nement de port\u00e9e internationale se veut aussi un plaidoyer en faveur de l\u2019enfant, et s\u2019inscrit dans le cadre d\u2019une nouvelle dynamique insuffl\u00e9e par l\u2019ONDE pour catalyser les actions futures des hauts responsables et des experts de la question de l\u2019enfance aux niveaux national et africain.<\/p>\n<p>L\u2019objectif ultime est d\u2019\u00e9riger l\u2019enfant en priorit\u00e9 nationale, en engageant les parties prenantes \u00e0 adopter une nouvelle approche qui devra d\u00e9sormais \u00eatre ax\u00e9e sur les r\u00e9sultats, avec pour finalit\u00e9 de faire de l\u2019enfant, premi\u00e8re richesse du pays et du Continent, un levier de d\u00e9veloppement.<\/p>\n<p>Les conclusions et engagements qui seront pris \u00e0 Marrakech constitueront une nouvelle feuille de route int\u00e9gr\u00e9e, permettant ainsi au Maroc d\u2019optimiser son potentiel humain, v\u00e9ritable richesse immat\u00e9rielle qui accompagne la r\u00e9alisation de ses ambitions \u00e9conomiques, politiques, sociales et culturelles.<\/p>\n<\/div>\n<p>Auteur: Meriem IGASS<br \/>\n<a href=\"http:\/\/www.mapmarrakech.ma\/fr\/enfant-3\/\">Cliquez ici pour lire l&rsquo;article depuis sa source.<\/a><\/p>\n","protected":false},"excerpt":{"rendered":"<p>Marrakech \u2013 Le ministre de l\u2019Education nationale, de la Formation professionnelle, de l\u2019Enseignement sup\u00e9rieur et de la Recherche scientifique, Saaid Amzazi, a mis en avant, mercredi \u00e0 Marrakech, l\u2019exp\u00e9rience \u00ab\u00a0remarquable\u00a0\u00bb et \u00ab\u00a0prometteuse\u00a0\u00bb que repr\u00e9sente le Parlement de l\u2019enfant. Dans une allocution lue en son nom par le secr\u00e9taire g\u00e9n\u00e9ral du minist\u00e8re, Youssef Belkacem, \u00e0 l\u2019ouverture [&hellip;]<\/p>\n","protected":false},"author":1788,"featured_media":0,"comment_status":"closed","ping_status":"closed","sticky":false,"template":"","format":"standard","meta":{"fifu_image_url":"","fifu_image_alt":"","footnotes":""},"categories":[54,76],"tags":[],"class_list":["post-68023","post","type-post","status-publish","format-standard","hentry","category-maroc","category-regions"],"_links":{"self":[{"href":"https:\/\/linitiative.ca\/International\/wp-json\/wp\/v2\/posts\/68023","targetHints":{"allow":["GET"]}}],"collection":[{"href":"https:\/\/linitiative.ca\/International\/wp-json\/wp\/v2\/posts"}],"about":[{"href":"https:\/\/linitiative.ca\/International\/wp-json\/wp\/v2\/types\/post"}],"author":[{"embeddable":true,"href":"https:\/\/linitiative.ca\/International\/wp-json\/wp\/v2\/users\/1788"}],"replies":[{"embeddable":true,"href":"https:\/\/linitiative.ca\/International\/wp-json\/wp\/v2\/comments?post=68023"}],"version-history":[{"count":0,"href":"https:\/\/linitiative.ca\/International\/wp-json\/wp\/v2\/posts\/68023\/revisions"}],"wp:attachment":[{"href":"https:\/\/linitiative.ca\/International\/wp-json\/wp\/v2\/media?parent=68023"}],"wp:term":[{"taxonomy":"category","embeddable":true,"href":"https:\/\/linitiative.ca\/International\/wp-json\/wp\/v2\/categories?post=68023"},{"taxonomy":"post_tag","embeddable":true,"href":"https:\/\/linitiative.ca\/International\/wp-json\/wp\/v2\/tags?post=68023"}],"curies":[{"name":"wp","href":"https:\/\/api.w.org\/{rel}","templated":true}]}}