{"id":68024,"date":"2019-11-20T13:19:08","date_gmt":"2019-11-20T18:19:08","guid":{"rendered":"https:\/\/linitiative.ca\/International\/enfance-lacher-de-ballons-a-jemaa-el-fna\/"},"modified":"2019-11-20T13:19:08","modified_gmt":"2019-11-20T18:19:08","slug":"enfance-lacher-de-ballons-a-jemaa-el-fna","status":"publish","type":"post","link":"https:\/\/linitiative.ca\/International\/enfance-lacher-de-ballons-a-jemaa-el-fna\/","title":{"rendered":"Enfance: L\u00e2cher de ballons \u00e0 Jema\u00e2 El Fna"},"content":{"rendered":"<div readability=\"38\">\n<p>Marrakech \u2013 Des ballons rouges et verts ont color\u00e9, mercredi le ciel de la place mythique de Jema\u00e2 El Fna, \u00e0 l\u2019occasion de la 16\u00e8me \u00e9dition du Congr\u00e8s national des droits de l\u2019enfant, organis\u00e9e sous le Haut Patronage de Sa Majest\u00e9 le Roi Mohammed VI et la pr\u00e9sidence effective de Son Altesse Royale la Princesse Lalla Meryem.<\/p>\n<\/div>\n<div readability=\"111\">\n<p>Cette action symbolique, qui s\u2019est d\u00e9roul\u00e9e en pr\u00e9sence notamment de la Directrice Ex\u00e9cutive de l\u2019Observatoire National des Droits de l\u2019Enfant (ONDE), Mme Lamia Bazir, de l\u2019Ambassadeur Repr\u00e9sentant Permanent du Maroc aupr\u00e8s de l\u2019ONU, Pr\u00e9sident du Conseil Ex\u00e9cutif de l\u2019UNICEF, M. Omar Hilale et du Secr\u00e9taire G\u00e9n\u00e9ral du Parlement Arabe de l\u2019Enfant, M. Ayman Othman Al-Barout, intervient aussi en c\u00e9l\u00e9bration des 30 ans de la Convention Internationale des Droits de l\u2019Enfant (CIDE) et du 20\u00e8me anniversaire du Parlement de l\u2019Enfant.<\/p>\n<p>Cet \u00e9v\u00e9nement grandiose, qui a r\u00e9uni des enfants parlementaires, se veut \u00e9galement un plaidoyer en faveur de l\u2019enfance, \u00e0 travers la promotion de la culture des droits des enfants et le soutien de toutes les initiatives favorisant la protection de cette cat\u00e9gorie sociale en concertation avec les divers partenaires.<\/p>\n<p>Cette manifestation, qui vise la sensibilisation \u00e0 l\u2019importance des droits des enfants, a suscit\u00e9 un grand int\u00e9r\u00eat et une admiration impressionnante aupr\u00e8s des visiteurs de la place mythique de la cit\u00e9 ocre et port\u00e9 un message fort \u00e0 l\u2019adresse de la communaut\u00e9 internationale quant \u00e0 l\u2019imp\u00e9ratif de la protection et de la cons\u00e9cration des droits de l\u2019enfant.<\/p>\n<p>La s\u00e9ance d\u2019ouverture de cette 16\u00e8me \u00e9dition du Congr\u00e8s national des droits de l\u2019enfant a \u00e9t\u00e9 marqu\u00e9e par des t\u00e9moignages de jeunes enfants prodiges marocains qui ont se sont brillamment illustr\u00e9s dans divers domaines notamment, l\u2019\u00e9ducation, la science, l\u2019art, la musique et l\u2019innovation.<\/p>\n<p>Initi\u00e9 par l\u2019Observatoire National des Droits de l\u2019Enfant (ONDE), ce conclave, qui se poursuit jusqu\u2019au 23 novembre, se veut l\u2019occasion de c\u00e9l\u00e9brer les 30 ans de la Convention Internationale des Droits de l\u2019Enfant (CIDE), de dresser le bilan de la situation de l\u2019enfance depuis la ratification de la CIDE par le Maroc et de mobiliser les forces vives du Royaume pour mettre l\u2019enfant au centre du nouveau mod\u00e8le de d\u00e9veloppement.<\/p>\n<p>Le Congr\u00e8s national des droits de l\u2019enfant, dans une d\u00e9marche \u00e0 la fois r\u00e9trospective et prospective, constitue cette ann\u00e9e un \u00e9v\u00e9nement d\u2019envergure nationale et internationale auquel prennent part plus de 3.000 participants, parmi lesquels les membres de l\u2019Ex\u00e9cutif, des responsables publics, des personnalit\u00e9s onusiennes, des repr\u00e9sentants de la soci\u00e9t\u00e9 civile et du secteur priv\u00e9 et les enfants eux-m\u00eames, notamment les enfants parlementaires qui c\u00e9l\u00e9breront, dans ce cadre, les 20 ans du Parlement de l\u2019enfant.<\/p>\n<p>Cet \u00e9v\u00e9nement s\u2019inscrit dans le cadre d\u2019une nouvelle dynamique insuffl\u00e9e par l\u2019ONDE pour catalyser les actions futures des hauts responsables et des experts de la question de l\u2019enfance aux niveaux national et africain.<\/p>\n<p>L\u2019objectif ultime est d\u2019\u00e9riger l\u2019enfant en priorit\u00e9 nationale, en engageant les parties prenantes \u00e0 adopter une nouvelle approche qui devra d\u00e9sormais \u00eatre ax\u00e9e sur les r\u00e9sultats, avec pour finalit\u00e9 de faire de l\u2019enfant, premi\u00e8re richesse du pays et du Continent, un levier de d\u00e9veloppement.<\/p>\n<p>Les conclusions et engagements qui seront pris \u00e0 Marrakech constitueront une nouvelle feuille de route int\u00e9gr\u00e9e, permettant ainsi au Maroc d\u2019optimiser son potentiel humain, v\u00e9ritable richesse immat\u00e9rielle qui accompagne la r\u00e9alisation de ses ambitions \u00e9conomiques, politiques, sociales et culturelles.<\/p>\n<\/div>\n<p>Auteur: Meriem IGASS<br \/>\n<a href=\"http:\/\/www.mapmarrakech.ma\/fr\/droits\/\">Cliquez ici pour lire l&rsquo;article depuis sa source.<\/a><\/p>\n","protected":false},"excerpt":{"rendered":"<p>Marrakech \u2013 Des ballons rouges et verts ont color\u00e9, mercredi le ciel de la place mythique de Jema\u00e2 El Fna, \u00e0 l\u2019occasion de la 16\u00e8me \u00e9dition du Congr\u00e8s national des droits de l\u2019enfant, organis\u00e9e sous le Haut Patronage de Sa Majest\u00e9 le Roi Mohammed VI et la pr\u00e9sidence effective de Son Altesse Royale la Princesse [&hellip;]<\/p>\n","protected":false},"author":1788,"featured_media":0,"comment_status":"closed","ping_status":"closed","sticky":false,"template":"","format":"standard","meta":{"fifu_image_url":"","fifu_image_alt":"","footnotes":""},"categories":[54,76],"tags":[],"class_list":["post-68024","post","type-post","status-publish","format-standard","hentry","category-maroc","category-regions"],"_links":{"self":[{"href":"https:\/\/linitiative.ca\/International\/wp-json\/wp\/v2\/posts\/68024","targetHints":{"allow":["GET"]}}],"collection":[{"href":"https:\/\/linitiative.ca\/International\/wp-json\/wp\/v2\/posts"}],"about":[{"href":"https:\/\/linitiative.ca\/International\/wp-json\/wp\/v2\/types\/post"}],"author":[{"embeddable":true,"href":"https:\/\/linitiative.ca\/International\/wp-json\/wp\/v2\/users\/1788"}],"replies":[{"embeddable":true,"href":"https:\/\/linitiative.ca\/International\/wp-json\/wp\/v2\/comments?post=68024"}],"version-history":[{"count":0,"href":"https:\/\/linitiative.ca\/International\/wp-json\/wp\/v2\/posts\/68024\/revisions"}],"wp:attachment":[{"href":"https:\/\/linitiative.ca\/International\/wp-json\/wp\/v2\/media?parent=68024"}],"wp:term":[{"taxonomy":"category","embeddable":true,"href":"https:\/\/linitiative.ca\/International\/wp-json\/wp\/v2\/categories?post=68024"},{"taxonomy":"post_tag","embeddable":true,"href":"https:\/\/linitiative.ca\/International\/wp-json\/wp\/v2\/tags?post=68024"}],"curies":[{"name":"wp","href":"https:\/\/api.w.org\/{rel}","templated":true}]}}