{"id":68025,"date":"2019-11-20T13:49:23","date_gmt":"2019-11-20T18:49:23","guid":{"rendered":"https:\/\/linitiative.ca\/International\/les-droits-de-lenfant-sous-les-projecteurs\/"},"modified":"2019-11-20T13:49:23","modified_gmt":"2019-11-20T18:49:23","slug":"les-droits-de-lenfant-sous-les-projecteurs","status":"publish","type":"post","link":"https:\/\/linitiative.ca\/International\/les-droits-de-lenfant-sous-les-projecteurs\/","title":{"rendered":"Les droits de l\u2019enfant sous les projecteurs"},"content":{"rendered":"<div readability=\"38\">\n<p>Marrakech \u2013 Les efforts du Maroc en mati\u00e8re de garantie des droits de l\u2019enfant ainsi que l\u2019exp\u00e9rience remarquable du Parlement de l\u2019enfant sont sous les projecteurs \u00e0 l\u2019occasion du 16\u00e8me Congr\u00e8s National des Droits de l\u2019Enfant, dont les travaux se sont ouverts, mercredi, \u00e0 Marrakech.<\/p>\n<\/div>\n<div readability=\"94\">\n<p>Organis\u00e9e par l\u2019Observatoire National des Droits de l\u2019enfant (ONDE) sous le Haut Patronage de SM le Roi Mohammed VI et la Pr\u00e9sidence effective de Son Altesse Royale la Princesse Lalla Meryem, cette grand-messe des Droits de l\u2019enfant, \u00e0 laquelle prennent part plus de 3.000 participants, est marqu\u00e9e par la c\u00e9l\u00e9bration du 30\u00e8me anniversaire de la Convention internationale des Droits de l\u2019Enfant (CIDE).<\/p>\n<p>Membres de l\u2019Ex\u00e9cutif, responsables publics, personnalit\u00e9s onusiennes, repr\u00e9sentants de la soci\u00e9t\u00e9 civile et d\u2019autres participants de haut niveau prennent part \u00e0 cette \u00e9dition, qui offre l\u2019occasion de dresser le bilan de la situation de l\u2019enfance depuis la ratification de la CIDE par le Royaume et d\u2019identifier les d\u00e9fis \u00e0 relever ainsi que les pistes \u00e0 emprunter afin d\u2019assurer une mise en \u0153uvre optimale des principes de la Convention Internationale et d\u2019inscrire l\u2019enfant au c\u0153ur de toutes les priorit\u00e9s.<\/p>\n<p>La premi\u00e8re journ\u00e9e de cet \u00e9v\u00e9nement d\u2019envergure, dont les travaux se poursuivent jusqu\u2019au 23 courant, donne la parole aux enfants et aux jeunes, l\u2019occasion de pr\u00e9senter le Parlement de l\u2019enfant marocain et de c\u00e9l\u00e9brer le 20\u00e8me anniversaire de la cr\u00e9ation de cette institution.<\/p>\n<p>Le 16\u00e8me Congr\u00e8s National des Droits de l\u2019Enfant intervient dans un contexte marqu\u00e9 par l\u2019urgence de d\u00e9ployer davantage d\u2019efforts pour am\u00e9liorer l\u2019efficacit\u00e9 et la gouvernance des interventions en adaptant les politiques publiques \u00e0 ces nouveaux d\u00e9fis.<\/p>\n<p>Ce Conclave s\u2019inscrit \u00e9galement dans une optique d\u2019optimisation et en r\u00e9ponse au chantier de renouvellement du Mod\u00e8le de D\u00e9veloppement du Maroc, lanc\u00e9 par SM le Roi Mohammed VI qui place d\u00e9sormais l\u2019enfant au c\u0153ur de ce nouveau mod\u00e8le.<\/p>\n<p>Le Congr\u00e8s National des Droits de l\u2019Enfant est aussi un moment de mobilisation nationale historique et \u00e0 tous les niveaux, qui reconfirme l\u2019engagement du Royaume du Maroc \u00e0 poursuivre la r\u00e9alisation de la Convention Internationale des Droits de l\u2019Enfant, \u00e0 avancer dans les chantiers structurants de l\u2019Enfance et \u00e0 \u00e9riger la question de l\u2019Enfant en priorit\u00e9 nationale.<\/p>\n<p>Il s\u2019agit d\u2019une opportunit\u00e9 d\u2019engagement \u00e0 \u00eatre plus efficace et \u00e0 changer positivement la r\u00e9alit\u00e9 des enfants.<\/p>\n<p>Cette manifestation confirme, de ce fait, le r\u00f4le historique du Congr\u00e8s National des Droits de l\u2019enfant ainsi que son influence sur l\u2019orientation des politiques publiques, permettant, au fil du temps, au Royaume de s\u2019engager dans la dynamique internationale des droits de l\u2019enfant mais aussi d\u2019\u00e9valuer, d\u2019orienter et d\u2019\u00e9laborer les lois, les visions, les politiques et les strat\u00e9gies nationales relatives \u00e0 l\u2019enfance.<\/p>\n<p>Rappelons que les statistiques t\u00e9moignent d\u2019une plus forte participation des enfants au processus de prise de d\u00e9cision politique, gr\u00e2ce notamment \u00e0 leur adh\u00e9sion \u00e0 des structures organis\u00e9es, tel que le Parlement de l\u2019Enfant, mis en place par l\u2019Observatoire National des Droits de l\u2019Enfant en 1999.<\/p>\n<\/div>\n<p>Auteur: Meriem IGASS<br \/>\n<a href=\"http:\/\/www.mapmarrakech.ma\/fr\/droits-2\/\">Cliquez ici pour lire l&rsquo;article depuis sa source.<\/a><\/p>\n","protected":false},"excerpt":{"rendered":"<p>Marrakech \u2013 Les efforts du Maroc en mati\u00e8re de garantie des droits de l\u2019enfant ainsi que l\u2019exp\u00e9rience remarquable du Parlement de l\u2019enfant sont sous les projecteurs \u00e0 l\u2019occasion du 16\u00e8me Congr\u00e8s National des Droits de l\u2019Enfant, dont les travaux se sont ouverts, mercredi, \u00e0 Marrakech. Organis\u00e9e par l\u2019Observatoire National des Droits de l\u2019enfant (ONDE) sous [&hellip;]<\/p>\n","protected":false},"author":1788,"featured_media":0,"comment_status":"closed","ping_status":"closed","sticky":false,"template":"","format":"standard","meta":{"fifu_image_url":"","fifu_image_alt":"","footnotes":""},"categories":[54,76],"tags":[],"class_list":["post-68025","post","type-post","status-publish","format-standard","hentry","category-maroc","category-regions"],"_links":{"self":[{"href":"https:\/\/linitiative.ca\/International\/wp-json\/wp\/v2\/posts\/68025","targetHints":{"allow":["GET"]}}],"collection":[{"href":"https:\/\/linitiative.ca\/International\/wp-json\/wp\/v2\/posts"}],"about":[{"href":"https:\/\/linitiative.ca\/International\/wp-json\/wp\/v2\/types\/post"}],"author":[{"embeddable":true,"href":"https:\/\/linitiative.ca\/International\/wp-json\/wp\/v2\/users\/1788"}],"replies":[{"embeddable":true,"href":"https:\/\/linitiative.ca\/International\/wp-json\/wp\/v2\/comments?post=68025"}],"version-history":[{"count":0,"href":"https:\/\/linitiative.ca\/International\/wp-json\/wp\/v2\/posts\/68025\/revisions"}],"wp:attachment":[{"href":"https:\/\/linitiative.ca\/International\/wp-json\/wp\/v2\/media?parent=68025"}],"wp:term":[{"taxonomy":"category","embeddable":true,"href":"https:\/\/linitiative.ca\/International\/wp-json\/wp\/v2\/categories?post=68025"},{"taxonomy":"post_tag","embeddable":true,"href":"https:\/\/linitiative.ca\/International\/wp-json\/wp\/v2\/tags?post=68025"}],"curies":[{"name":"wp","href":"https:\/\/api.w.org\/{rel}","templated":true}]}}