{"id":68026,"date":"2019-11-20T13:59:17","date_gmt":"2019-11-20T18:59:17","guid":{"rendered":"https:\/\/linitiative.ca\/International\/vers-lelaboration-dun-plan-de-gestion-de-lancienne-medina\/"},"modified":"2019-11-20T13:59:17","modified_gmt":"2019-11-20T18:59:17","slug":"vers-lelaboration-dun-plan-de-gestion-de-lancienne-medina","status":"publish","type":"post","link":"https:\/\/linitiative.ca\/International\/vers-lelaboration-dun-plan-de-gestion-de-lancienne-medina\/","title":{"rendered":"Vers l\u2019\u00e9laboration d\u2019un Plan de gestion de l\u2019ancienne M\u00e9dina"},"content":{"rendered":"<div readability=\"36\">\n<p>Marrakech \u2013 Une rencontre consultative relatif au Plan de gestion de l\u2019ancienne M\u00e9dina de Marrakech a \u00e9t\u00e9 organis\u00e9e mercredi, \u00e0 la cit\u00e9 ocre, avec la participation de l\u2019ensemble des acteurs concern\u00e9s et des parties prenantes.<\/p>\n<\/div>\n<div readability=\"155\">\n<p>Cette rencontre, pr\u00e9sid\u00e9e par le Wali de la r\u00e9gion Marrakech-Safi, gouverneur de la pr\u00e9fecture de Marrakech, Karim Kassi-Lahlou, ambitionne la mise en place d\u2019une d\u00e9marche participative pour une meilleure convergence entre les programmes publics et les attentes des associations de la soci\u00e9t\u00e9 civile et l\u2019ensemble des acteurs et experts int\u00e9ress\u00e9s par la question du patrimoine dans le cadre de la pr\u00e9paration du projet de plan de gestion de l\u2019ancienne M\u00e9dina.<\/p>\n<p>Les objectifs assign\u00e9s \u00e0 cette rencontre consistent en l\u2019instauration d\u2019un dialogue \u00e0 travers la diffusion et l\u2019\u00e9change d\u2019exp\u00e9riences dans ce domaine, une sensibilisation \u00e0 l\u2019importance de l\u2019Ancienne M\u00e9dina de Marrakech, une des plus grandes m\u00e9dinas du monde arabe (1.107 ha), une pr\u00e9sentation des projets structurants men\u00e9s au niveau de l\u2019ancienne M\u00e9dina et les modes d\u2019intervention engag\u00e9s pour la revalorisation de ce site historique et la proposition de solutions innovantes et des modes de gouvernance appropri\u00e9s pour la valorisation et la p\u00e9rennisation de ce patrimoine.<\/p>\n<p>Intervenant \u00e0 cette occasion, M. Kassi-Lahlou a soulign\u00e9 que le classement de l\u2019Ancienne M\u00e9dina de Marrakech depuis 1985, comme patrimoine mondial de l\u2019UNESCO et la place Jamaa Fna comme patrimoine immat\u00e9riel, depuis 2001, renforce la fiert\u00e9 des Marocains en leur patrimoine culturel authentique et offre une opportunit\u00e9 pour mettre en place des strat\u00e9gies appropri\u00e9es \u00e0 m\u00eame de relever le d\u00e9fi de la sauvegarde de ce patrimoine et sa valorisation en raison de sa valeur exceptionnelle.<\/p>\n<p>Dans ce cadre, il a mis l\u2019accent sur plusieurs chantiers et projets structurants lanc\u00e9s par SM le Roi Mohammed VI et visant la valorisation et la sauvegarde de ce patrimoine mill\u00e9naire, dont \u00ab\u00a0Marrakech Cit\u00e9 du Renouveau Permanent\u00a0\u00bb, \u00ab\u00a0la r\u00e9habilitation des circuits touristiques et spirituels de l\u2019ancienne M\u00e9dina\u00a0\u00bb et \u00ab\u00a0La mise en valeur de l\u2019ancienne M\u00e9dina de Marrakech\u00a0\u00bb.<\/p>\n<p>Pour accompagner ces chantiers, poursuit M. Kassi-Lahlou, il s\u2019av\u00e8re n\u00e9cessaire de mettre en place des m\u00e9canismes de gestion efficaces pour garantir la sauvegarde de ce patrimoine historique et de pr\u00e9server la m\u00e9moire de cette ville \u00e0 travers l\u2019\u00e9laboration d\u2019un Plan de gestion de l\u2019ancienne m\u00e9dina de Marrakech de fa\u00e7on \u00e0 r\u00e9pondre aux recommandations de l\u2019UNESCO et aux exigences du d\u00e9veloppement durable en adoptant une approche participative int\u00e9gr\u00e9e associant toutes les comp\u00e9tences vives de la cit\u00e9 ocre.<\/p>\n<p>Ce plan est appel\u00e9 \u00e0 valoriser et sauvegarder le patrimoine mat\u00e9riel et immat\u00e9riel de la ville et faire de Marrakech une ville intelligente et ouverte sur la gestion urbaine moderne, a-t-il ajout\u00e9, appelant tous les acteurs concern\u00e9s \u00e0 participer activement dans les ateliers et contribuer \u00e0 enrichir le d\u00e9bat \u00e0 travers des propositions pratiques et des recommandations r\u00e9alistes et r\u00e9alisables.<\/p>\n<p>La pr\u00e9sidente de la Commission de l\u2019action culturelle au sein du Conseil r\u00e9gional de Marrakech-Safi, Mme Touria Ikbal, a soulign\u00e9 pour sa part, que l\u2019industrie culturelle repr\u00e9sente l\u2019avenir des M\u00e9dinas du Maroc dans la mesure o\u00f9 elle contribue \u00e0 cr\u00e9er une nouvelle dynamique socio-\u00e9conomique et \u00e0 am\u00e9liorer les conditions de vie des populations.<\/p>\n<p>La culture et le patrimoine sont des leviers du d\u00e9veloppement \u00e9conomique, a-t-elle relev\u00e9, appelant \u00e0 accorder une grande importance aux savoir-faire, arts populaires et folklore qui sont des composantes essentielles de ce patrimoine.<\/p>\n<p>Mme Ikbal a not\u00e9 que le patrimoine est un \u00e9l\u00e9ment susceptible d\u2019\u00eatre renouvel\u00e9 car \u00ab\u00a0un patrimoine fig\u00e9\u00a0\u00bb est vou\u00e9 \u00e0 la disparition, mettant en relief l\u2019importance de ce Plan culturel et de d\u00e9veloppement qui est de nature \u00e0 pr\u00e9server le patrimoine de cette ville et renforcer sa position.<\/p>\n<p>Le pr\u00e9sident du Conseil communal de Marrakech, Mohamed Larbi Belcaid, a de son c\u00f4t\u00e9, fait remarquer que les diff\u00e9rents chantiers lanc\u00e9s par SM le Roi Mohammed VI dans la M\u00e9dina de Marrakech ont insuffl\u00e9 une nouvelle dynamique socio-\u00e9conomique et ont contribu\u00e9 \u00e0 renforcer son rayonnement.<\/p>\n<p>Ce Plan de gestion de l\u2019ancienne M\u00e9dina de Marrakech repr\u00e9sente une feuille de route et un document de r\u00e9f\u00e9rence de nature \u00e0 contribuer \u00e0 la pr\u00e9servation du patrimoine mat\u00e9riel et immat\u00e9riel de la M\u00e9dina de Marrakech, a-t-il insist\u00e9, reconnaissant que l\u2019\u00e9laboration d\u2019un tel plan constitue un acquis historique sans pr\u00e9c\u00e9dent pour les g\u00e9n\u00e9rations futures.<\/p>\n<p>Le programme de la rencontre r\u00e9gionale comprenait une s\u00e9ance pl\u00e9ni\u00e8re ponctu\u00e9e par des expos\u00e9s sur l\u2019importance de l\u2019Ancienne M\u00e9dina de Marrakech, la richesse de son patrimoine mat\u00e9riel et immat\u00e9riel ainsi que la pr\u00e9sentation du projet de plan de gestion de l\u2019ancienne M\u00e9dina.<\/p>\n<p>La rencontre comportait \u00e9galement deux ateliers. Le Premier traite du patrimoine mat\u00e9riel de l\u2019ancienne m\u00e9dina de Marrakech, des contraintes et des perspectives de gestion de ce patrimoine alors que le second a abord\u00e9 le patrimoine immat\u00e9riel de l\u2019ancienne M\u00e9dina et des moyens et leviers permettant de valoriser ce patrimoine, de le prot\u00e9ger dans le cadre d\u2019une vision de d\u00e9veloppement durable.<\/p>\n<p>Le processus engag\u00e9 permettra de g\u00e9n\u00e9rer une v\u00e9ritable dynamique au sein de la Ville de Marrakech, associant les acteurs locaux et les partenaires, qui constitue \u00e0 elle seule un premier effet constructif devant conduire \u00e0 la mise en place de recommandations issues de cette rencontre pour enrichir le plan de gestion de la ville de Marrakech en vue de sa transmission \u00e0 l\u2019UNESCO.<\/p>\n<p>Pour rappel, la wilaya de la r\u00e9gion Marrakech-Safi continuera de recevoir les recommandations de tous les acteurs concern\u00e9s et des citoyens par le biais d\u2019une plateforme \u00e9lectronique afin d\u2019enrichir ce Plan de gestion de la M\u00e9dina de Marrakech.<\/p>\n<p>Initi\u00e9e par la Wilaya de la R\u00e9gion de Marrakech-Safi, cette rencontre s\u2019inscrit dans le cadre de la mise en \u0153uvre des directives royales et l\u2019int\u00e9r\u00eat port\u00e9 par SM le Roi Mohammed VI pour la valorisation et la sauvegarde de l\u2019ancienne M\u00e9dina, la mise \u00e0 niveau de son tissu urbain et l\u2019am\u00e9lioration des conditions de vie de la population.<\/p>\n<p>Cette rencontre a connu la participation de l\u2019ensemble des parties concern\u00e9es, dont les collectivit\u00e9s territoriales, l\u2019Agence Urbaine de Marrakech, la Direction R\u00e9gionale de la Culture, les services d\u00e9concentr\u00e9s de l\u2019Etat, les Chambres professionnelles, les experts et professionnels concern\u00e9s par la th\u00e9matique ainsi que les associations professionnelles et structures repr\u00e9sentatives du secteur priv\u00e9 et associations de la soci\u00e9t\u00e9 civile.<\/p>\n<\/div>\n<p>Auteur: Meriem IGASS<br \/>\n<a href=\"http:\/\/www.mapmarrakech.ma\/fr\/plan\/\">Cliquez ici pour lire l&rsquo;article depuis sa source.<\/a><\/p>\n","protected":false},"excerpt":{"rendered":"<p>Marrakech \u2013 Une rencontre consultative relatif au Plan de gestion de l\u2019ancienne M\u00e9dina de Marrakech a \u00e9t\u00e9 organis\u00e9e mercredi, \u00e0 la cit\u00e9 ocre, avec la participation de l\u2019ensemble des acteurs concern\u00e9s et des parties prenantes. Cette rencontre, pr\u00e9sid\u00e9e par le Wali de la r\u00e9gion Marrakech-Safi, gouverneur de la pr\u00e9fecture de Marrakech, Karim Kassi-Lahlou, ambitionne la [&hellip;]<\/p>\n","protected":false},"author":1788,"featured_media":0,"comment_status":"closed","ping_status":"closed","sticky":false,"template":"","format":"standard","meta":{"fifu_image_url":"","fifu_image_alt":"","footnotes":""},"categories":[54,76],"tags":[],"class_list":["post-68026","post","type-post","status-publish","format-standard","hentry","category-maroc","category-regions"],"_links":{"self":[{"href":"https:\/\/linitiative.ca\/International\/wp-json\/wp\/v2\/posts\/68026","targetHints":{"allow":["GET"]}}],"collection":[{"href":"https:\/\/linitiative.ca\/International\/wp-json\/wp\/v2\/posts"}],"about":[{"href":"https:\/\/linitiative.ca\/International\/wp-json\/wp\/v2\/types\/post"}],"author":[{"embeddable":true,"href":"https:\/\/linitiative.ca\/International\/wp-json\/wp\/v2\/users\/1788"}],"replies":[{"embeddable":true,"href":"https:\/\/linitiative.ca\/International\/wp-json\/wp\/v2\/comments?post=68026"}],"version-history":[{"count":0,"href":"https:\/\/linitiative.ca\/International\/wp-json\/wp\/v2\/posts\/68026\/revisions"}],"wp:attachment":[{"href":"https:\/\/linitiative.ca\/International\/wp-json\/wp\/v2\/media?parent=68026"}],"wp:term":[{"taxonomy":"category","embeddable":true,"href":"https:\/\/linitiative.ca\/International\/wp-json\/wp\/v2\/categories?post=68026"},{"taxonomy":"post_tag","embeddable":true,"href":"https:\/\/linitiative.ca\/International\/wp-json\/wp\/v2\/tags?post=68026"}],"curies":[{"name":"wp","href":"https:\/\/api.w.org\/{rel}","templated":true}]}}