{"id":68030,"date":"2019-11-20T12:40:13","date_gmt":"2019-11-20T17:40:13","guid":{"rendered":"https:\/\/linitiative.ca\/International\/khenchela-travaux-de-rehabilitation-prochainement-dun-centre-de-torture-a-el-mehmel-datant-de-lere-coloniale\/"},"modified":"2019-11-20T12:40:13","modified_gmt":"2019-11-20T17:40:13","slug":"khenchela-travaux-de-rehabilitation-prochainement-dun-centre-de-torture-a-el-mehmel-datant-de-lere-coloniale","status":"publish","type":"post","link":"https:\/\/linitiative.ca\/International\/khenchela-travaux-de-rehabilitation-prochainement-dun-centre-de-torture-a-el-mehmel-datant-de-lere-coloniale\/","title":{"rendered":"Khenchela : Travaux de r\u00e9habilitation prochainement d&rsquo;un centre de torture \u00e0 El Mehmel datant de l\u2019\u00e8re coloniale"},"content":{"rendered":"<div readability=\"36\">\n<p><strong>KHENCHELA- Le centre de torture sous l&rsquo;occupation coloniale de la commune d\u2019El Mehmel dans la wilaya de Khenchela sera \u00ab\u00a0prochainement\u00a0\u00bbr\u00e9habilit\u00e9 et transform\u00e9 en mus\u00e9e, a-t-on appris mercredi du\u00a0directeur local des moudjahidine, Said Cherikhi.<\/strong><\/p>\n<\/div>\n<div readability=\"66.5\">\n<p>Les services de la direction des Moudjahidine, a indiqu\u00e9 \u00e0 l&rsquo;APS M. Cherikhi, viennent de parachever toutes les mesures administratives relatives au lancement des travaux de r\u00e9habilitation et de r\u00e9novation du centre de torture coloniale dans la commune d\u2019El Mehmel.<\/p>\n<p>Il a r\u00e9v\u00e9l\u00e9, dans ce contexte, que la direction des Domaines de Khenchela avait r\u00e9cemment octroy\u00e9 la d\u00e9cision d\u2019affectation de ce lieu \u00e0 la direction des Moudjahidine afin qu\u2019elle puisse entreprendre les d\u00e9marches administratives et financi\u00e8res n\u00e9cessaires \u00e0\u00a0 sa r\u00e9habilitation.<\/p>\n<p>Le directeur local des moudjahidine a ajout\u00e9, par ailleurs, que le chef de la daira d\u2019Ouled Rechache et du P-APC d\u2019El Mehmel se sont engag\u00e9s \u00e0 r\u00e9gler le dossier portant sur l\u2019\u00e9vacuation de ce haut lieu de m\u00e9moire de ses occupants actuels.<\/p>\n<blockquote readability=\"8\">\n<p><strong>Une fois r\u00e9habilit\u00e9, ce site historique sera remis \u00e0 la da\u00efra d\u2019Ouled Rechache afin qu\u2019elle en fasse un mus\u00e9e communal, a-t-il\u00a0 expliqu\u00e9.<\/strong><\/p>\n<\/blockquote>\n<p>Le directeur local des Moudjahidine a assur\u00e9 qu\u2019il avait mis tout en \u0153uvre afin d\u2019obtenir de nouveaux financements aupr\u00e8s de la tutelle, pour le lancement des travaux de r\u00e9habilitation des centres de torture coloniaux situ\u00e9s dans les commune de Babar, Kais et El Hemma.<\/p>\n<p>Pour rappel, dans le cadre de la r\u00e9habilitation des monuments historiques de la wilaya, une enveloppe de 45 millions de dinars a \u00e9t\u00e9 allou\u00e9e pour la r\u00e9habilitation de quatre centres de torture remontant \u00e0 l&rsquo;\u00e8re coloniale en mus\u00e9es communaux, deux dans les localit\u00e9s d\u2019El Ouldja et Ain Touila dont les travaux ont \u00e9t\u00e9 achev\u00e9s, un autre \u00e0 Khir\u00e8ne qui est en plein travaux depuis juillet dernier, en plus de celui d\u2019El Mehmel.<\/p>\n<\/div>\n<p>Auteur:<br \/>\n<a href=\"http:\/\/www.aps.dz\/regions\/97802-khenchela-travaux-de-rehabilitation-prochainement-d-un-centre-de-torture-a-el-mehmel-datant-de-l-ere-coloniale\">Cliquez ici pour lire l&rsquo;article depuis sa source.<\/a><\/p>\n","protected":false},"excerpt":{"rendered":"<p>KHENCHELA- Le centre de torture sous l&rsquo;occupation coloniale de la commune d\u2019El Mehmel dans la wilaya de Khenchela sera \u00ab\u00a0prochainement\u00a0\u00bbr\u00e9habilit\u00e9 et transform\u00e9 en mus\u00e9e, a-t-on appris mercredi du\u00a0directeur local des moudjahidine, Said Cherikhi. Les services de la direction des Moudjahidine, a indiqu\u00e9 \u00e0 l&rsquo;APS M. Cherikhi, viennent de parachever toutes les mesures administratives relatives au [&hellip;]<\/p>\n","protected":false},"author":1790,"featured_media":0,"comment_status":"closed","ping_status":"closed","sticky":false,"template":"","format":"standard","meta":{"fifu_image_url":"","fifu_image_alt":"","footnotes":""},"categories":[53,76],"tags":[],"class_list":["post-68030","post","type-post","status-publish","format-standard","hentry","category-algerie","category-regions"],"_links":{"self":[{"href":"https:\/\/linitiative.ca\/International\/wp-json\/wp\/v2\/posts\/68030","targetHints":{"allow":["GET"]}}],"collection":[{"href":"https:\/\/linitiative.ca\/International\/wp-json\/wp\/v2\/posts"}],"about":[{"href":"https:\/\/linitiative.ca\/International\/wp-json\/wp\/v2\/types\/post"}],"author":[{"embeddable":true,"href":"https:\/\/linitiative.ca\/International\/wp-json\/wp\/v2\/users\/1790"}],"replies":[{"embeddable":true,"href":"https:\/\/linitiative.ca\/International\/wp-json\/wp\/v2\/comments?post=68030"}],"version-history":[{"count":0,"href":"https:\/\/linitiative.ca\/International\/wp-json\/wp\/v2\/posts\/68030\/revisions"}],"wp:attachment":[{"href":"https:\/\/linitiative.ca\/International\/wp-json\/wp\/v2\/media?parent=68030"}],"wp:term":[{"taxonomy":"category","embeddable":true,"href":"https:\/\/linitiative.ca\/International\/wp-json\/wp\/v2\/categories?post=68030"},{"taxonomy":"post_tag","embeddable":true,"href":"https:\/\/linitiative.ca\/International\/wp-json\/wp\/v2\/tags?post=68030"}],"curies":[{"name":"wp","href":"https:\/\/api.w.org\/{rel}","templated":true}]}}