{"id":68032,"date":"2019-11-19T16:01:07","date_gmt":"2019-11-19T21:01:07","guid":{"rendered":"https:\/\/linitiative.ca\/International\/salon-national-de-less-un-record-de-350-000-visiteurs\/"},"modified":"2019-11-19T16:01:07","modified_gmt":"2019-11-19T21:01:07","slug":"salon-national-de-less-un-record-de-350-000-visiteurs","status":"publish","type":"post","link":"https:\/\/linitiative.ca\/International\/salon-national-de-less-un-record-de-350-000-visiteurs\/","title":{"rendered":"Salon national de l\u2019ESS: un record de 350.000 visiteurs"},"content":{"rendered":"<p class=\"c1\">La 8\u00e8me \u00e9dition du Salon national de l\u2019Economie sociale et solidaire (ESS), qui s\u2019est tenue du 9 au 18 novembre \u00e0 Oujda, a enregistr\u00e9 un nombre record de visiteurs et un important chiffre d\u2019affaires, ont indiqu\u00e9 les organisateurs.<\/p>\n<p class=\"c1\">Quelque 350.000 personnes, dont 30.000 enfants, ont visit\u00e9 ce Salon, organis\u00e9 sous le Haut patronage de SM le Roi Mohammed VI par le minist\u00e8re du Tourisme, de l\u2019Artisanat, du Transport a\u00e9rien et de l\u2019Economie sociale, a-t-on pr\u00e9cis\u00e9.<\/p>\n<p class=\"c1\">Et d\u2019ajouter que le chiffre d\u2019affaires r\u00e9alis\u00e9 lors de cette 8\u00e8me \u00e9dition, qui avait pour th\u00e8me \u00abL\u2019Economie sociale et solidaire : Initiatives renouvelables et opportunit\u00e9s prometteuses\u00bb, s\u2019\u00e9l\u00e8ve \u00e0 40 millions de dirhams, faisant remarquer que 12% des exposants ont fait un chiffre d\u2019affaires de 100.000 dirhams.<\/p>\n<p class=\"c1\">Cette ann\u00e9e, le Salon national de l\u2019ESS a \u00e9t\u00e9 mont\u00e9 sur une superficie globale de 18.000 m2, et connu la participation de plus de 700 exposants, dont 70% \u00e9taient des femmes.<\/p>\n<p class=\"c1\">Pour les organisateurs, cette \u00e9dition a connu un succ\u00e8s \u00e9clatant \u00e0 tous les niveaux, comme en t\u00e9moigne les r\u00e9sultats obtenus en termes d\u2019affluences, du nombre d\u2019exposants et de la qualit\u00e9 et la diversit\u00e9 des produits \u00e9tal\u00e9s, de vente, de la richesse des d\u00e9bats engag\u00e9s par les participants et experts marocains et \u00e9trangers, en sus de la formation et l\u2019\u00e9change d\u2019exp\u00e9riences.<\/p>\n<p class=\"c1\">En effet, outre le volet exposition, d\u00e9couverte et vente, le Salon a \u00e9t\u00e9 rehauss\u00e9 par l\u2019organisation de trois s\u00e9minaires traitant de diff\u00e9rentes th\u00e9matiques et 11 ateliers de formation ayant profit\u00e9 \u00e0 plus de 1.500 participants. Ils ont \u00e9t\u00e9 encadr\u00e9s par 52 experts, dont 13 experts internationaux.<\/p>\n<p class=\"c1\">L\u2019ESS est consid\u00e9r\u00e9e comme un levier d\u2019action au service de l\u2019inclusion sociale, de la r\u00e9duction des in\u00e9galit\u00e9s, de la justice sociale et du d\u00e9veloppement harmonieux des territoires, en mesure de cr\u00e9er des richesses et de participer fortement \u00e0 la croissance \u00e9conomique du pays, avait soulign\u00e9, \u00e0 l\u2019ouverture de cette \u00e9dition, la ministre du Tourisme, de l\u2019Artisanat, du Transport a\u00e9rien et de l\u2019Economie sociale, Nadia Fettah Alaoui.<\/p>\n<p class=\"c1\">Pour la ministre, ce Salon se veut un lieu \u00e9minent de partage d\u2019exp\u00e9rience, de formation, de commercialisation des produits des composantes de l\u2019\u00e9conomie sociale et solidaire, et de d\u00e9veloppement de partenariats.<\/p>\n<p class=\"c1\">Evoquant les principaux chantiers futurs du minist\u00e8re, l\u2019accent a \u00e9t\u00e9 mis par Mme Fettah Alaoui sur le projet de loi cadre de l\u2019\u00e9conomie sociale et solidaire et sur la nouvelle strat\u00e9gie de l\u2019\u00e9conomie sociale et solidaire.<\/p>\n<p class=\"c1\">Le Salon s\u2019est caract\u00e9ris\u00e9 lors de cette 8\u00e8 \u00e9dition par sa conception architecturale et un nombre \u00e0 la hausse des exposants, soit plus de 700 exposants (institutionnels, acteurs locaux, op\u00e9rateurs \u00e9conomiques, professionnels et composantes du secteur et 22 stands d\u2019exposants \u00e9trangers).<\/p>\n<p class=\"c1\">Devenue une r\u00e9f\u00e9rence distingu\u00e9e dans le calendrier des expositions nationales et un rendez-vous annuel incontournable, cette manifestation a pour objectifs d\u2019ouvrir de nouvelles perspectives, de faire conna\u00eetre le secteur et d\u2019inviter les jeunes porteurs de projets \u00e0 prendre l\u2019initiative et \u00e0 investir dans l\u2019ESS afin de stimuler l\u2019int\u00e9gration des diff\u00e9rentes activit\u00e9s de ce secteur dans le tissu \u00e9conomique national et social.<\/p>\n<p class=\"c1\">Le but est de faire de l\u2019\u00e9conomie sociale et solidaire une locomotive pour le d\u00e9veloppement \u00e9conomique et social, \u00e0 travers la cr\u00e9ation d\u2019activit\u00e9s g\u00e9n\u00e9ratrices de revenu et de l\u2019emploi, ainsi que la valorisation des richesses en milieu urbain et rural.<\/p>\n<p class=\"c1\">L\u2019accent a \u00e9t\u00e9 mis \u00e0 cette occasion sur l\u2019importance de cr\u00e9er une synergie entre intervenants et acteurs de l\u2019ESS pour favoriser une meilleure visibilit\u00e9 de ce secteur.<\/p>\n<p class=\"c1\">Le Salon, organis\u00e9 de fa\u00e7on tournante entre les diff\u00e9rentes r\u00e9gions du Royaume pour accompagner le chantier strat\u00e9gique de la r\u00e9gionalisation, a fait cette ann\u00e9e la part belle aux enfants \u00e0 travers un espace de divertissement mais aussi de sensibilisation sur les valeurs d\u2019entraide et de coh\u00e9sion sociale du secteur de l\u2019\u00e9conomie sociale et solidaire.<\/p>\n<p>Auteur: Soufiane ELAHMAR<br \/>\n<a href=\"http:\/\/www.mapoujda.ma\/fr\/salon-national-de-less-un-record-de-350-000-visiteurs\/\">Cliquez ici pour lire l&rsquo;article depuis sa source.<\/a><\/p>\n","protected":false},"excerpt":{"rendered":"<p>La 8\u00e8me \u00e9dition du Salon national de l\u2019Economie sociale et solidaire (ESS), qui s\u2019est tenue du 9 au 18 novembre \u00e0 Oujda, a enregistr\u00e9 un nombre record de visiteurs et un important chiffre d\u2019affaires, ont indiqu\u00e9 les organisateurs. Quelque 350.000 personnes, dont 30.000 enfants, ont visit\u00e9 ce Salon, organis\u00e9 sous le Haut patronage de SM [&hellip;]<\/p>\n","protected":false},"author":1788,"featured_media":0,"comment_status":"closed","ping_status":"closed","sticky":false,"template":"","format":"standard","meta":{"fifu_image_url":"","fifu_image_alt":"","footnotes":""},"categories":[54,76],"tags":[],"class_list":["post-68032","post","type-post","status-publish","format-standard","hentry","category-maroc","category-regions"],"_links":{"self":[{"href":"https:\/\/linitiative.ca\/International\/wp-json\/wp\/v2\/posts\/68032","targetHints":{"allow":["GET"]}}],"collection":[{"href":"https:\/\/linitiative.ca\/International\/wp-json\/wp\/v2\/posts"}],"about":[{"href":"https:\/\/linitiative.ca\/International\/wp-json\/wp\/v2\/types\/post"}],"author":[{"embeddable":true,"href":"https:\/\/linitiative.ca\/International\/wp-json\/wp\/v2\/users\/1788"}],"replies":[{"embeddable":true,"href":"https:\/\/linitiative.ca\/International\/wp-json\/wp\/v2\/comments?post=68032"}],"version-history":[{"count":0,"href":"https:\/\/linitiative.ca\/International\/wp-json\/wp\/v2\/posts\/68032\/revisions"}],"wp:attachment":[{"href":"https:\/\/linitiative.ca\/International\/wp-json\/wp\/v2\/media?parent=68032"}],"wp:term":[{"taxonomy":"category","embeddable":true,"href":"https:\/\/linitiative.ca\/International\/wp-json\/wp\/v2\/categories?post=68032"},{"taxonomy":"post_tag","embeddable":true,"href":"https:\/\/linitiative.ca\/International\/wp-json\/wp\/v2\/tags?post=68032"}],"curies":[{"name":"wp","href":"https:\/\/api.w.org\/{rel}","templated":true}]}}