{"id":68043,"date":"2019-11-20T15:19:01","date_gmt":"2019-11-20T20:19:01","guid":{"rendered":"https:\/\/linitiative.ca\/International\/forum-de-la-memoire-la-participation-de-lextreme-sud-a-la-guerre-de-liberation-la-de-mettre-en-exergue-le-soutien-de-la-region\/"},"modified":"2019-11-20T15:19:01","modified_gmt":"2019-11-20T20:19:01","slug":"forum-de-la-memoire-la-participation-de-lextreme-sud-a-la-guerre-de-liberation-la-de-mettre-en-exergue-le-soutien-de-la-region","status":"publish","type":"post","link":"https:\/\/linitiative.ca\/International\/forum-de-la-memoire-la-participation-de-lextreme-sud-a-la-guerre-de-liberation-la-de-mettre-en-exergue-le-soutien-de-la-region\/","title":{"rendered":"Forum de la m\u00e9moire : la participation de l\u2019extr\u00eame sud \u00e0 la guerre de lib\u00e9ration   : La de mettre en exergue le soutien de la r\u00e9gion"},"content":{"rendered":"<p><strong>La r\u00e9sistance de cheikh Amoud Ben El-Mokhtar constitue l&rsquo;un des maillons\u00a0 de la cha\u00eene des r\u00e9sistances men\u00e9es par le peuple alg\u00e9rien contre l&rsquo;occupation\u00a0 de l&rsquo;Alg\u00e9rie par la France en 1830.<\/strong><\/p>\n<p>Cette insurrection constitue la deuxi\u00e8me phase de la lutte men\u00e9e par les populations touaregs en 1881 contre les tentatives d&rsquo;expansion du colonialisme fran\u00e7ais dans le Sahara alg\u00e9rien. Ce qui a eu pour cons\u00e9quences d&rsquo;entraver cette expansion vers l&rsquo;extr\u00eame Sud durant une p\u00e9riode consid\u00e9rable. Le neveu et la ni\u00e8ce du cheikh Amoud ainsi que le fils du moudjahid Brada\u00ef Moulay Ahmed, \u00e9taient hier, les invit\u00e9s du forum de la m\u00e9moire qui a initi\u00e9 un d\u00e9bat autour de la contribution de la r\u00e9gion du Sud \u00e0 la guerre de Lib\u00e9ration nationale. Les participants au forum de la m\u00e9moire ont mis l&rsquo;accent, sur la n\u00e9cessit\u00e9 de mettre en exergue le soutien et la contribution de la r\u00e9gion du Sud alg\u00e9rien \u00e0 la glorieuse R\u00e9volution de Novembre 1954.<br \/>\u00abCette contribution et ce soutien \u00e0 la guerre de Lib\u00e9ration nationale ont permis d&rsquo;\u00e9tendre la lutte arm\u00e9e et de mettre en \u00e9chec les vell\u00e9it\u00e9s de la France coloniale d&rsquo;isoler la R\u00e9volution et de porter un coup \u00e0 l&rsquo;int\u00e9grit\u00e9 territoriale du pays\u00bb, dira M. Hassen Medghouri, ma\u00eetre de conf\u00e9rences \u00e0 l\u2019universit\u00e9 de Djelfa.\u00a0 Le conf\u00e9rencier rappellera qu\u2019\u00abapr\u00e8s avoir impos\u00e9 leur mainmise sur tout le nord de l&rsquo;Alg\u00e9rie, les autorit\u00e9s coloniales commenc\u00e8rent \u00e0 s&rsquo;int\u00e9resser au grand Sud en vue de l&rsquo;occuper, contr\u00f4ler le commerce au Sahara ainsi que ses richesses, la derni\u00e8re \u00e9tape \u00e9tant de relier l&rsquo;Alg\u00e9rie aux autres colonies fran\u00e7aises en Afrique occidentale\u00bb.<br \/>L\u2019enseignant universitaire expliquera que \u00abCes tentatives de colonisation furent confront\u00e9es \u00e0 un refus et une r\u00e9sistance violente dans la r\u00e9gion du Hoggar et du Tassili qui a dur\u00e9 environ un demi si\u00e8cle et occasionn\u00e9 aux Fran\u00e7ais des pertes consid\u00e9rables, les contraignant \u00e0 reculer et retardant d&rsquo;autant la date d&rsquo;occupation du Sahara\u00bb.<br \/>L\u2019invit\u00e9 du forum dira que \u00abLa vaste \u00e9tendue du Sahara constituait un bastion pour les r\u00e9volutionnaires et une zone de r\u00e9sistance qui\u00a0 a commenc\u00e9 du temps de l\u2019Emir Abdelkader qui s\u2019est assur\u00e9 du soutien des populations touaregs, une r\u00e9sistance qui s\u2019est attel\u00e9e \u00e0 pr\u00e9server le patrimoine culturel et historique dans sa profonde dimension nationale, \u00e0 travers l\u2019engagement des notables et des populations et leur attachement aux valeurs supr\u00eames pour la d\u00e9fense du pays\u00bb. Le conf\u00e9rencier adressera enfin un appel aux chercheurs et historiens pour\u00a0 approfondir leurs \u0153uvres sur la contribution de la r\u00e9gion \u00e0 guerre de Lib\u00e9ration nationale. La ni\u00e8ce du cheikh Amoud Ben El-Mokhtar rappellera que celui-ci a r\u00e9ussi \u00e0 mener contre la p\u00e9n\u00e9tration fran\u00e7aise, au Sahara, la r\u00e9sistance targuie dont la premi\u00e8re prise de contact fut en 1881 et que cheikh Amoud, a fait subir \u00e0 l\u2019arm\u00e9e coloniale fran\u00e7aise de nombreuses d\u00e9faites dans diverses batailles. Tout en appr\u00e9ciant cette halte \u00e0 la m\u00e9moire des moudjahidine et chouhada des r\u00e9gions du sud du pays, le neveu du cheikh Amoud et le fils du\u00a0 moudjahid Brada\u00ef Moulay Ahmed d\u00e9plorent le fait que le grand r\u00f4le jou\u00e9 par cette immense r\u00e9gion du pays durant cette phase de l&rsquo;Histoire de l&rsquo;Alg\u00e9rie n\u2019a pas \u00e9t\u00e9 assez mis en valeur.<br \/>Les intervenants ont plaid\u00e9 pour la valorisation du r\u00f4le qu&rsquo;a jou\u00e9 cette r\u00e9gion alg\u00e9rienne dans le desserrement de l&rsquo;\u00e9tau sur la lutte de Lib\u00e9ration et des sacrifices consentis par les moudjahidine de l&rsquo;Arm\u00e9e de lib\u00e9ration nationale dans le Sud.<br \/>Farida Larbi<\/p>\n<p>Auteur: elmoudjahid<br \/>\n<a href=\"http:\/\/www.elmoudjahid.com\/fr\/actualites\/144782\">Cliquez ici pour lire l&rsquo;article depuis sa source.<\/a><\/p>\n","protected":false},"excerpt":{"rendered":"<p>La r\u00e9sistance de cheikh Amoud Ben El-Mokhtar constitue l&rsquo;un des maillons\u00a0 de la cha\u00eene des r\u00e9sistances men\u00e9es par le peuple alg\u00e9rien contre l&rsquo;occupation\u00a0 de l&rsquo;Alg\u00e9rie par la France en 1830. Cette insurrection constitue la deuxi\u00e8me phase de la lutte men\u00e9e par les populations touaregs en 1881 contre les tentatives d&rsquo;expansion du colonialisme fran\u00e7ais dans le [&hellip;]<\/p>\n","protected":false},"author":1744,"featured_media":0,"comment_status":"closed","ping_status":"closed","sticky":false,"template":"","format":"standard","meta":{"fifu_image_url":"","fifu_image_alt":"","footnotes":""},"categories":[73,53],"tags":[],"class_list":["post-68043","post","type-post","status-publish","format-standard","hentry","category-actualite","category-algerie"],"_links":{"self":[{"href":"https:\/\/linitiative.ca\/International\/wp-json\/wp\/v2\/posts\/68043","targetHints":{"allow":["GET"]}}],"collection":[{"href":"https:\/\/linitiative.ca\/International\/wp-json\/wp\/v2\/posts"}],"about":[{"href":"https:\/\/linitiative.ca\/International\/wp-json\/wp\/v2\/types\/post"}],"author":[{"embeddable":true,"href":"https:\/\/linitiative.ca\/International\/wp-json\/wp\/v2\/users\/1744"}],"replies":[{"embeddable":true,"href":"https:\/\/linitiative.ca\/International\/wp-json\/wp\/v2\/comments?post=68043"}],"version-history":[{"count":0,"href":"https:\/\/linitiative.ca\/International\/wp-json\/wp\/v2\/posts\/68043\/revisions"}],"wp:attachment":[{"href":"https:\/\/linitiative.ca\/International\/wp-json\/wp\/v2\/media?parent=68043"}],"wp:term":[{"taxonomy":"category","embeddable":true,"href":"https:\/\/linitiative.ca\/International\/wp-json\/wp\/v2\/categories?post=68043"},{"taxonomy":"post_tag","embeddable":true,"href":"https:\/\/linitiative.ca\/International\/wp-json\/wp\/v2\/tags?post=68043"}],"curies":[{"name":"wp","href":"https:\/\/api.w.org\/{rel}","templated":true}]}}