{"id":68044,"date":"2019-11-20T15:19:03","date_gmt":"2019-11-20T20:19:03","guid":{"rendered":"https:\/\/linitiative.ca\/International\/droits-de-lenfant-realisations-et-acquis\/"},"modified":"2019-11-20T15:19:03","modified_gmt":"2019-11-20T20:19:03","slug":"droits-de-lenfant-realisations-et-acquis","status":"publish","type":"post","link":"https:\/\/linitiative.ca\/International\/droits-de-lenfant-realisations-et-acquis\/","title":{"rendered":"Droits de l\u2019enfant :  R\u00e9alisations et acquis"},"content":{"rendered":"<p>Les participants \u00e0 une rencontre, organis\u00e9e mardi dernier \u00e0 Alger \u00e0 l&rsquo;occasion de la c\u00e9l\u00e9bration du 30e anniversaire de la Convention relative aux droits de l\u2019enfant, ont plaid\u00e9 pour l&rsquo;intensification et la conjugaison des efforts de la soci\u00e9t\u00e9, toutes franges confondues, pour prot\u00e9ger et promouvoir les droits de l&rsquo;enfant, et int\u00e9grer toutes les questions li\u00e9es \u00e0 son avenir dans le processus du d\u00e9veloppement durable.<br \/>A ce propos, la pr\u00e9sidente de l&rsquo;Organe national de protection et de promotion de l&rsquo;enfance, Meriem Cherfi, a mis en avant l&rsquo;imp\u00e9ratif de renforcer l&rsquo;action commune sous-tendant l&rsquo;ensemble des acteurs des diff\u00e9rents secteurs concern\u00e9s, la soci\u00e9t\u00e9 civile et des experts en vue de promouvoir les droits des enfants et les pr\u00e9venir de tous les dangers.<br \/>Elle a insist\u00e9, dans ce sens, sur l&rsquo;importance de concr\u00e9tiser les textes l\u00e9gislatifs contenus dans la Convention internationale relative aux droits de l&rsquo;enfant, ratifi\u00e9e par l&rsquo;Alg\u00e9rie le 19 d\u00e9cembre 1992. Lors de cette rencontre, organis\u00e9e par l&rsquo;ONPPE, en coordination avec le Fonds des Nations unies pour l&rsquo;enfance Alg\u00e9rie, Mme Cherfi a pass\u00e9 en revue les mesures et proc\u00e9dures jusque-l\u00e0 prises pour traduire sur le terrain ce texte de loi international, une occasion d&rsquo;ailleurs pour revisiter le cadre juridique des droits de l&rsquo;enfant pour l&rsquo;adapter \u00e0 l&rsquo;esprit et aux principes de cette Convention. Intervenant \u00e0 cette occasion, le repr\u00e9sentant de l&rsquo;UNICEF en Alg\u00e9rie, Marc Lucet, s&rsquo;est f\u00e9licit\u00e9 de toutes les r\u00e9alisations acquises en Alg\u00e9rie en mati\u00e8re de protection de l&rsquo;enfance, conform\u00e9ment aux clauses de la CIDE, en cr\u00e9ant l&rsquo;ONPPE et en promulguant la loi relative \u00e0 la protection de l&rsquo;enfant pour prot\u00e9ger cette frange des dangers qui les guettent, \u00e0 l&rsquo;instar de la violence et de l&rsquo;exploitation infantile, et en se penchant sur la protection sanitaire et \u00e9ducative, les espaces de divertissement, la lutte contre la pauvret\u00e9, la marginalisation et l&rsquo;exclusion. Appelant les pays du monde \u00e0 respecter et \u00e0 mettre en \u0153uvre les dispositions de la CIDE en vue de prot\u00e9ger les droits de l&rsquo;enfant et de pallier les insuffisances enregistr\u00e9es en la mati\u00e8re, M. Lucet a relev\u00e9 l&rsquo;imp\u00e9ratif d&rsquo;assurer une \u00e9galit\u00e9 de chances.<br \/>De son c\u00f4t\u00e9, le chef de cabinet du minist\u00e8re de l&rsquo;Education nationale, Abdelouahab Guellil, a \u00e9voqu\u00e9 les efforts consentis par le secteur, visant essentiellement \u00e0 renforcer la protection dans le domaine de l&rsquo;\u00e9ducation et de l&rsquo;enseignement, faisant \u00e9tat, \u00e0 cet \u00e9gard, de la scolarisation de plus de 98% d&rsquo;enfants en Alg\u00e9rie.<br \/>Pour sa part, le chef de cabinet du minist\u00e8re de la Solidarit\u00e9 nationale, de la Famille et de la Condition de la femme, Mohamed Sidi Moussa a pass\u00e9 en revue les efforts d\u00e9ploy\u00e9s par le secteur en mati\u00e8re de protection et de promotion des droits de l&rsquo;enfant, faisant \u00e9tat de 140 centres de l&rsquo;enfance assist\u00e9e et des programmes destin\u00e9s \u00e0 la protection et la prise en charge des enfants d\u00e9munis et leurs familles afin de r\u00e9duire les disparit\u00e9s sociales.<br \/>Le Conseil national des droits de l&rsquo;homme a aussi insist\u00e9 sur la poursuite des efforts pour permettre aux enfants de jouir pleinement de tous leurs droits consacr\u00e9s dans la Convention internationale des droits de l&rsquo;enfant.<br \/>Dans son communiqu\u00e9, le CNDH a rappel\u00e9 que l&rsquo;Alg\u00e9rie avait ratifi\u00e9 la Convention et deux autres protocoles y aff\u00e9rents et promulgu\u00e9 une s\u00e9rie de textes notamment la loi 2015.<\/p>\n<p>Auteur: elmoudjahid<br \/>\n<a href=\"http:\/\/www.elmoudjahid.com\/fr\/actualites\/144783\">Cliquez ici pour lire l&rsquo;article depuis sa source.<\/a><\/p>\n","protected":false},"excerpt":{"rendered":"<p>Les participants \u00e0 une rencontre, organis\u00e9e mardi dernier \u00e0 Alger \u00e0 l&rsquo;occasion de la c\u00e9l\u00e9bration du 30e anniversaire de la Convention relative aux droits de l\u2019enfant, ont plaid\u00e9 pour l&rsquo;intensification et la conjugaison des efforts de la soci\u00e9t\u00e9, toutes franges confondues, pour prot\u00e9ger et promouvoir les droits de l&rsquo;enfant, et int\u00e9grer toutes les questions li\u00e9es [&hellip;]<\/p>\n","protected":false},"author":1744,"featured_media":0,"comment_status":"closed","ping_status":"closed","sticky":false,"template":"","format":"standard","meta":{"fifu_image_url":"","fifu_image_alt":"","footnotes":""},"categories":[73,53],"tags":[],"class_list":["post-68044","post","type-post","status-publish","format-standard","hentry","category-actualite","category-algerie"],"_links":{"self":[{"href":"https:\/\/linitiative.ca\/International\/wp-json\/wp\/v2\/posts\/68044","targetHints":{"allow":["GET"]}}],"collection":[{"href":"https:\/\/linitiative.ca\/International\/wp-json\/wp\/v2\/posts"}],"about":[{"href":"https:\/\/linitiative.ca\/International\/wp-json\/wp\/v2\/types\/post"}],"author":[{"embeddable":true,"href":"https:\/\/linitiative.ca\/International\/wp-json\/wp\/v2\/users\/1744"}],"replies":[{"embeddable":true,"href":"https:\/\/linitiative.ca\/International\/wp-json\/wp\/v2\/comments?post=68044"}],"version-history":[{"count":0,"href":"https:\/\/linitiative.ca\/International\/wp-json\/wp\/v2\/posts\/68044\/revisions"}],"wp:attachment":[{"href":"https:\/\/linitiative.ca\/International\/wp-json\/wp\/v2\/media?parent=68044"}],"wp:term":[{"taxonomy":"category","embeddable":true,"href":"https:\/\/linitiative.ca\/International\/wp-json\/wp\/v2\/categories?post=68044"},{"taxonomy":"post_tag","embeddable":true,"href":"https:\/\/linitiative.ca\/International\/wp-json\/wp\/v2\/tags?post=68044"}],"curies":[{"name":"wp","href":"https:\/\/api.w.org\/{rel}","templated":true}]}}