{"id":68045,"date":"2019-11-20T15:19:05","date_gmt":"2019-11-20T20:19:05","guid":{"rendered":"https:\/\/linitiative.ca\/International\/enseignement-specialise-concours-de-recrutement-le-11-janvier\/"},"modified":"2019-11-20T15:19:05","modified_gmt":"2019-11-20T20:19:05","slug":"enseignement-specialise-concours-de-recrutement-le-11-janvier","status":"publish","type":"post","link":"https:\/\/linitiative.ca\/International\/enseignement-specialise-concours-de-recrutement-le-11-janvier\/","title":{"rendered":"Enseignement sp\u00e9cialis\u00e9 : Concours de recrutement  le 11 janvier"},"content":{"rendered":"<p>Le minist\u00e8re de la Solidarit\u00e9 nationale, de la Famille et de la Condition de la femme, a fix\u00e9 la date du 11 janvier 2020, pour l&rsquo;organisation du concours de recrutement pour l&rsquo;acc\u00e8s \u00e0 1.340 postes de professeurs et d&rsquo;enseignants principaux de l&rsquo;enseignement sp\u00e9cialis\u00e9, indique, un communiqu\u00e9 du minist\u00e8re. Le minist\u00e8re informe l&rsquo;ensemble des candidats au concours de recrutement pour l&rsquo;acc\u00e8s \u00e0 1.340 postes de professeurs et d&rsquo;enseignants principaux de l&rsquo;enseignement sp\u00e9cialis\u00e9, au niveau des Directions de l&rsquo;action sociale et de la solidarit\u00e9 (DASS) dans les 48 wilayas, afin de renforcer l&rsquo;encadrement des classes sp\u00e9ciales ouvertes, dans le cadre de la d\u00e9rogation exceptionnelle attribu\u00e9e par le Premier ministre au profit du secteur de la solidarit\u00e9, que la date du concours a \u00e9t\u00e9 fix\u00e9e au 11 janvier 2020\u00bb, pr\u00e9cise le communiqu\u00e9.<br \/>\u00abToute information circulant autre que ce communiqu\u00e9 officiel reste sans fondement\u00bb, conclut la m\u00eame source.<br \/>\u00a0<\/p>\n<p>Auteur: elmoudjahid<br \/>\n<a href=\"http:\/\/www.elmoudjahid.com\/fr\/actualites\/144784\">Cliquez ici pour lire l&rsquo;article depuis sa source.<\/a><\/p>\n","protected":false},"excerpt":{"rendered":"<p>Le minist\u00e8re de la Solidarit\u00e9 nationale, de la Famille et de la Condition de la femme, a fix\u00e9 la date du 11 janvier 2020, pour l&rsquo;organisation du concours de recrutement pour l&rsquo;acc\u00e8s \u00e0 1.340 postes de professeurs et d&rsquo;enseignants principaux de l&rsquo;enseignement sp\u00e9cialis\u00e9, indique, un communiqu\u00e9 du minist\u00e8re. Le minist\u00e8re informe l&rsquo;ensemble des candidats au [&hellip;]<\/p>\n","protected":false},"author":1744,"featured_media":0,"comment_status":"closed","ping_status":"closed","sticky":false,"template":"","format":"standard","meta":{"fifu_image_url":"","fifu_image_alt":"","footnotes":""},"categories":[73,53],"tags":[],"class_list":["post-68045","post","type-post","status-publish","format-standard","hentry","category-actualite","category-algerie"],"_links":{"self":[{"href":"https:\/\/linitiative.ca\/International\/wp-json\/wp\/v2\/posts\/68045","targetHints":{"allow":["GET"]}}],"collection":[{"href":"https:\/\/linitiative.ca\/International\/wp-json\/wp\/v2\/posts"}],"about":[{"href":"https:\/\/linitiative.ca\/International\/wp-json\/wp\/v2\/types\/post"}],"author":[{"embeddable":true,"href":"https:\/\/linitiative.ca\/International\/wp-json\/wp\/v2\/users\/1744"}],"replies":[{"embeddable":true,"href":"https:\/\/linitiative.ca\/International\/wp-json\/wp\/v2\/comments?post=68045"}],"version-history":[{"count":0,"href":"https:\/\/linitiative.ca\/International\/wp-json\/wp\/v2\/posts\/68045\/revisions"}],"wp:attachment":[{"href":"https:\/\/linitiative.ca\/International\/wp-json\/wp\/v2\/media?parent=68045"}],"wp:term":[{"taxonomy":"category","embeddable":true,"href":"https:\/\/linitiative.ca\/International\/wp-json\/wp\/v2\/categories?post=68045"},{"taxonomy":"post_tag","embeddable":true,"href":"https:\/\/linitiative.ca\/International\/wp-json\/wp\/v2\/tags?post=68045"}],"curies":[{"name":"wp","href":"https:\/\/api.w.org\/{rel}","templated":true}]}}