{"id":68046,"date":"2019-11-20T15:19:08","date_gmt":"2019-11-20T20:19:08","guid":{"rendered":"https:\/\/linitiative.ca\/International\/pour-tentative-de-ralliement-aux-groupes-terroristes-au-sahel-arrestation-de-8-individus-a-relizane-et-a-ghardaia\/"},"modified":"2019-11-20T15:19:08","modified_gmt":"2019-11-20T20:19:08","slug":"pour-tentative-de-ralliement-aux-groupes-terroristes-au-sahel-arrestation-de-8-individus-a-relizane-et-a-ghardaia","status":"publish","type":"post","link":"https:\/\/linitiative.ca\/International\/pour-tentative-de-ralliement-aux-groupes-terroristes-au-sahel-arrestation-de-8-individus-a-relizane-et-a-ghardaia\/","title":{"rendered":"Pour tentative de ralliement aux groupes terroristes au Sahel : Arrestation de 8 individus  \u00e0 Relizane et \u00e0 Gharda\u00efa"},"content":{"rendered":"<p>\u00abDes d\u00e9tachements de l&rsquo;ANP ont mis en \u00e9chec, mardi dernier, en coordination avec des \u00e9l\u00e9ments de la Gendarmerie nationale, des tentatives de ralliement aux groupes terroristes activant au Sahel, en proc\u00e9dant \u00e0 l&rsquo;arrestation de cinq individus \u00e0 Relizane (2e RM) et trois autres \u00e0 Gharda\u00efa (4e R\u00e9gion militaire)\u00bb, indique un communiqu\u00e9 du minist\u00e8re de la D\u00e9fense nationale.<br \/>\u00a0Dans le m\u00eame contexte, un d\u00e9tachement de l&rsquo;ANP \u00aba arr\u00eat\u00e9, \u00e0 M&rsquo;sila (1re RM), un \u00e9l\u00e9ment de soutien aux groupes terroristes, tandis qu&rsquo;un autre d\u00e9tachement a d\u00e9couvert et d\u00e9truit, lors d&rsquo;une op\u00e9ration de recherche et de ratissage men\u00e9e dans la localit\u00e9 de Baloul, commune Souk El-Had, wilaya de Boumerd\u00e8s (1re RM), deux bombes de confection artisanale pr\u00eates \u00e0 l&rsquo;utilisation\u00bb, note la m\u00eame source.<br \/>Dans le cadre de la lutte contre la criminalit\u00e9 organis\u00e9e, un d\u00e9tachement de l&rsquo;ANP \u00aba arr\u00eat\u00e9, \u00e0 Djanet (4e RM), trois narcotrafiquants et saisi un kilogramme de kif trait\u00e9 et un v\u00e9hicule tout-terrain, alors que des \u00e9l\u00e9ments de la Gendarmerie nationale ont appr\u00e9hend\u00e9 deux narcotrafiquants en possession de 1.094 comprim\u00e9s psychotropes \u00e0 Alger (1re RM)\u00bb, ajoute le communiqu\u00e9.<br \/>Par ailleurs, des \u00e9l\u00e9ments de la Gendarmerie nationale \u00abont intercept\u00e9, \u00e0 Na\u00e2ma (2e RM), un individu en possession d&rsquo;un drone dot\u00e9 de cam\u00e9ra, alors que 3 immigrants clandestins ont \u00e9t\u00e9 arr\u00eat\u00e9s \u00e0 Tindouf (3e RM)\u00bb, souligne la m\u00eame source.<br \/>\u00a0<\/p>\n<p>Auteur: elmoudjahid<br \/>\n<a href=\"http:\/\/www.elmoudjahid.com\/fr\/actualites\/144785\">Cliquez ici pour lire l&rsquo;article depuis sa source.<\/a><\/p>\n","protected":false},"excerpt":{"rendered":"<p>\u00abDes d\u00e9tachements de l&rsquo;ANP ont mis en \u00e9chec, mardi dernier, en coordination avec des \u00e9l\u00e9ments de la Gendarmerie nationale, des tentatives de ralliement aux groupes terroristes activant au Sahel, en proc\u00e9dant \u00e0 l&rsquo;arrestation de cinq individus \u00e0 Relizane (2e RM) et trois autres \u00e0 Gharda\u00efa (4e R\u00e9gion militaire)\u00bb, indique un communiqu\u00e9 du minist\u00e8re de la [&hellip;]<\/p>\n","protected":false},"author":1744,"featured_media":0,"comment_status":"closed","ping_status":"closed","sticky":false,"template":"","format":"standard","meta":{"fifu_image_url":"","fifu_image_alt":"","footnotes":""},"categories":[73,53],"tags":[],"class_list":["post-68046","post","type-post","status-publish","format-standard","hentry","category-actualite","category-algerie"],"_links":{"self":[{"href":"https:\/\/linitiative.ca\/International\/wp-json\/wp\/v2\/posts\/68046","targetHints":{"allow":["GET"]}}],"collection":[{"href":"https:\/\/linitiative.ca\/International\/wp-json\/wp\/v2\/posts"}],"about":[{"href":"https:\/\/linitiative.ca\/International\/wp-json\/wp\/v2\/types\/post"}],"author":[{"embeddable":true,"href":"https:\/\/linitiative.ca\/International\/wp-json\/wp\/v2\/users\/1744"}],"replies":[{"embeddable":true,"href":"https:\/\/linitiative.ca\/International\/wp-json\/wp\/v2\/comments?post=68046"}],"version-history":[{"count":0,"href":"https:\/\/linitiative.ca\/International\/wp-json\/wp\/v2\/posts\/68046\/revisions"}],"wp:attachment":[{"href":"https:\/\/linitiative.ca\/International\/wp-json\/wp\/v2\/media?parent=68046"}],"wp:term":[{"taxonomy":"category","embeddable":true,"href":"https:\/\/linitiative.ca\/International\/wp-json\/wp\/v2\/categories?post=68046"},{"taxonomy":"post_tag","embeddable":true,"href":"https:\/\/linitiative.ca\/International\/wp-json\/wp\/v2\/tags?post=68046"}],"curies":[{"name":"wp","href":"https:\/\/api.w.org\/{rel}","templated":true}]}}