{"id":68047,"date":"2019-11-20T15:19:09","date_gmt":"2019-11-20T20:19:09","guid":{"rendered":"https:\/\/linitiative.ca\/International\/lalgerie-rejette-les-positions-considerant-les-colonies-israeliennes-en-palestine-comme-ne-contrevenant-pas-au-droit-international\/"},"modified":"2019-11-20T15:19:09","modified_gmt":"2019-11-20T20:19:09","slug":"lalgerie-rejette-les-positions-considerant-les-colonies-israeliennes-en-palestine-comme-ne-contrevenant-pas-au-droit-international","status":"publish","type":"post","link":"https:\/\/linitiative.ca\/International\/lalgerie-rejette-les-positions-considerant-les-colonies-israeliennes-en-palestine-comme-ne-contrevenant-pas-au-droit-international\/","title":{"rendered":"L\u2019Alg\u00e9rie rejette les positions consid\u00e9rant les colonies isra\u00e9liennes en Palestine comme \u00ab ne contrevenant pas au droit international \u00bb"},"content":{"rendered":"<p>L&rsquo;Alg\u00e9rie a exprim\u00e9 son rejet \u00abtotal\u00bb des positions consid\u00e9rant les colonies de peuplement isra\u00e9liennes dans les territoires palestiniens comme \u00abne contrevenant pas au droit international\u00bb, les qualifiant de \u00abviolation flagrante du droit international et des r\u00e9solutions pertinentes du Conseil de s\u00e9curit\u00e9\u00bb, selon un communiqu\u00e9 publi\u00e9, hier, par le minist\u00e8re des Affaires \u00e9trang\u00e8res. \u00abL&rsquo;Alg\u00e9rie voit dans ces positions un nouvel obstacle de nature \u00e0 saper les d\u00e9marches visant \u00e0 trouver une solution \u00e0 la question palestinienne\u00bb, a pr\u00e9cis\u00e9 la m\u00eame source. \u00abTout en qualifiant les colonies isra\u00e9liennes dans les territoires palestiniens d&rsquo;ill\u00e9gales, l&rsquo;Alg\u00e9rie r\u00e9affirme son soutien inconditionnel au droit du peuple palestinien fr\u00e8re \u00e0 l&rsquo;\u00e9tablissement de son Etat ind\u00e9pendant sur les fronti\u00e8res de 1967 avec El-Qods comme capitale et rappelle l&rsquo;importance de l&rsquo;Initiative arabe de paix d\u00e9coulant du Sommet de Beyrouth de 2002\u00bb, conclut le communiqu\u00e9.<\/p>\n<p>Auteur: elmoudjahid<br \/>\n<a href=\"http:\/\/www.elmoudjahid.com\/fr\/actualites\/144786\">Cliquez ici pour lire l&rsquo;article depuis sa source.<\/a><\/p>\n","protected":false},"excerpt":{"rendered":"<p>L&rsquo;Alg\u00e9rie a exprim\u00e9 son rejet \u00abtotal\u00bb des positions consid\u00e9rant les colonies de peuplement isra\u00e9liennes dans les territoires palestiniens comme \u00abne contrevenant pas au droit international\u00bb, les qualifiant de \u00abviolation flagrante du droit international et des r\u00e9solutions pertinentes du Conseil de s\u00e9curit\u00e9\u00bb, selon un communiqu\u00e9 publi\u00e9, hier, par le minist\u00e8re des Affaires \u00e9trang\u00e8res. \u00abL&rsquo;Alg\u00e9rie voit dans [&hellip;]<\/p>\n","protected":false},"author":1744,"featured_media":0,"comment_status":"closed","ping_status":"closed","sticky":false,"template":"","format":"standard","meta":{"fifu_image_url":"","fifu_image_alt":"","footnotes":""},"categories":[73,53],"tags":[],"class_list":["post-68047","post","type-post","status-publish","format-standard","hentry","category-actualite","category-algerie"],"_links":{"self":[{"href":"https:\/\/linitiative.ca\/International\/wp-json\/wp\/v2\/posts\/68047","targetHints":{"allow":["GET"]}}],"collection":[{"href":"https:\/\/linitiative.ca\/International\/wp-json\/wp\/v2\/posts"}],"about":[{"href":"https:\/\/linitiative.ca\/International\/wp-json\/wp\/v2\/types\/post"}],"author":[{"embeddable":true,"href":"https:\/\/linitiative.ca\/International\/wp-json\/wp\/v2\/users\/1744"}],"replies":[{"embeddable":true,"href":"https:\/\/linitiative.ca\/International\/wp-json\/wp\/v2\/comments?post=68047"}],"version-history":[{"count":0,"href":"https:\/\/linitiative.ca\/International\/wp-json\/wp\/v2\/posts\/68047\/revisions"}],"wp:attachment":[{"href":"https:\/\/linitiative.ca\/International\/wp-json\/wp\/v2\/media?parent=68047"}],"wp:term":[{"taxonomy":"category","embeddable":true,"href":"https:\/\/linitiative.ca\/International\/wp-json\/wp\/v2\/categories?post=68047"},{"taxonomy":"post_tag","embeddable":true,"href":"https:\/\/linitiative.ca\/International\/wp-json\/wp\/v2\/tags?post=68047"}],"curies":[{"name":"wp","href":"https:\/\/api.w.org\/{rel}","templated":true}]}}