{"id":68050,"date":"2019-11-20T13:01:08","date_gmt":"2019-11-20T18:01:08","guid":{"rendered":"https:\/\/linitiative.ca\/International\/97806-para-athletisme-lahouari-bahlaz-et-kerdjena-kamel-honores-a-oran\/"},"modified":"2019-11-20T13:01:08","modified_gmt":"2019-11-20T18:01:08","slug":"97806-para-athletisme-lahouari-bahlaz-et-kerdjena-kamel-honores-a-oran","status":"publish","type":"post","link":"https:\/\/linitiative.ca\/International\/97806-para-athletisme-lahouari-bahlaz-et-kerdjena-kamel-honores-a-oran\/","title":{"rendered":"Para-athl\u00e9tisme: Lahouari Bahlaz et Kerdjena Kamel honor\u00e9s \u00e0 Oran"},"content":{"rendered":"<div readability=\"37\">\n<p><strong>ORAN- Les para-athl\u00e8tes alg\u00e9riens, Lahouari Bahlaz et Kerdjena Kamel ont \u00e9t\u00e9 honor\u00e9s mercredi par le wali d\u2019Oran, Abdelkader Djellaoui, apr\u00e8s s\u2019\u00eatre illustr\u00e9s lors des Championnats du Monde 2019 IPC\u00a0r\u00e9cemment \u00e0 Duba\u00ef (Emirats arabes unis).<\/strong><\/p>\n<\/div>\n<div readability=\"67\">\n<p>Lahouari Bahlaz (F32) s\u2019est adjug\u00e9 deux m\u00e9dailles, l\u2019une en or et l\u2019autre en argent dans les \u00e9preuves du lancer de Club et lancer du Poids, tandis que son co\u00e9quipier Kamel Kerdjena (F33) a remport\u00e9 la m\u00e9daille d\u2019argent au lancer du Poids.<\/p>\n<p>Les deux athl\u00e8tes ont eu droit pour l\u2019occasion \u00e0 des r\u00e9compenses financi\u00e8res de l\u2019ordre de 350.000 DA pour le premier et 250.000 DA pour le second.<\/p>\n<p>Le wali d\u2019Oran en a profit\u00e9 pour f\u00e9liciter les deux champions alg\u00e9riens pour leur \u00ab\u00a0brillant parcours\u00a0\u00bb dans cette \u00e9preuve et qui leur a permis de se qualifier aux prochains Jeux paralympiques pr\u00e9vus \u00e0 Tokyo en 2020.<\/p>\n<p>Il s\u2019est, en outre, engag\u00e9 de les accompagner dans la pr\u00e9paration de ce rendez-vous plan\u00e9taire et aussi et surtout d\u2019assister les responsables de cette discipline \u00e0 Oran \u00ab\u00a0pour former d\u2019autres athl\u00e8tes de haut niveau\u00a0\u00bb.<\/p>\n<blockquote readability=\"13\">\n<p><strong>Pour leur part, les deux athl\u00e8tes se sont dit \u00ab\u00a0tr\u00e8s fiers\u00a0\u00bb d\u2019avoir honor\u00e9 les couleurs nationales lors des championnats du monde de Duba\u00ef, estimant que \u00ab\u00a0le niveau de la comp\u00e9tition a connu une sensible am\u00e9lioration, ce qui exige des athl\u00e8tes alg\u00e9riens, qui s\u2019illustrent souvent dans ce genre de comp\u00e9tition, de redoubler les efforts afin de faire face \u00e0 la rude concurrence y pr\u00e9valant\u00a0\u00bb.<\/strong><\/p>\n<\/blockquote>\n<p>Pour ce faire, Ils ont souhait\u00e9 b\u00e9n\u00e9ficier de plus moyens, estimant que les conditions de travail actuelles ne leur permettent pas d\u2019aspirer \u00e0 r\u00e9aliser des meilleurs r\u00e9sultats \u00e0 l\u2019avenir.<\/p>\n<p>M\u00eame son de cloche chez leur entra\u00eeneur, Mohamed Kada Kracha\u00ef qui, dans une d\u00e9claration \u00e0 l\u2019APS, a souhait\u00e9 \u00ab\u00a0plus d\u2019\u00e9gard de la part des services concern\u00e9s afin de permettre \u00e0 ces athl\u00e8tes et leurs co\u00e9quipiers en s\u00e9lection nationale de se distinguer davantage \u00e0 l\u2019\u00e9chelle internationale \u00e0 l\u2019avenir\u00a0\u00bb.<\/p>\n<\/div>\n<p>Auteur:<br \/>\n<a href=\"http:\/\/www.aps.dz\/sport\/97806-para-athletisme-lahouari-bahlaz-et-kerdjena-kamel-honores-a-oran?utm_source=feedburner&#038;utm_medium=feed&#038;utm_campaign=Feed%3A+aps-sport+%28APS+-+SPORT%29\">Cliquez ici pour lire l&rsquo;article depuis sa source.<\/a><\/p>\n","protected":false},"excerpt":{"rendered":"<p>ORAN- Les para-athl\u00e8tes alg\u00e9riens, Lahouari Bahlaz et Kerdjena Kamel ont \u00e9t\u00e9 honor\u00e9s mercredi par le wali d\u2019Oran, Abdelkader Djellaoui, apr\u00e8s s\u2019\u00eatre illustr\u00e9s lors des Championnats du Monde 2019 IPC\u00a0r\u00e9cemment \u00e0 Duba\u00ef (Emirats arabes unis). Lahouari Bahlaz (F32) s\u2019est adjug\u00e9 deux m\u00e9dailles, l\u2019une en or et l\u2019autre en argent dans les \u00e9preuves du lancer de Club [&hellip;]<\/p>\n","protected":false},"author":1790,"featured_media":0,"comment_status":"closed","ping_status":"closed","sticky":false,"template":"","format":"standard","meta":{"fifu_image_url":"","fifu_image_alt":"","footnotes":""},"categories":[53,75],"tags":[],"class_list":["post-68050","post","type-post","status-publish","format-standard","hentry","category-algerie","category-sport"],"_links":{"self":[{"href":"https:\/\/linitiative.ca\/International\/wp-json\/wp\/v2\/posts\/68050","targetHints":{"allow":["GET"]}}],"collection":[{"href":"https:\/\/linitiative.ca\/International\/wp-json\/wp\/v2\/posts"}],"about":[{"href":"https:\/\/linitiative.ca\/International\/wp-json\/wp\/v2\/types\/post"}],"author":[{"embeddable":true,"href":"https:\/\/linitiative.ca\/International\/wp-json\/wp\/v2\/users\/1790"}],"replies":[{"embeddable":true,"href":"https:\/\/linitiative.ca\/International\/wp-json\/wp\/v2\/comments?post=68050"}],"version-history":[{"count":0,"href":"https:\/\/linitiative.ca\/International\/wp-json\/wp\/v2\/posts\/68050\/revisions"}],"wp:attachment":[{"href":"https:\/\/linitiative.ca\/International\/wp-json\/wp\/v2\/media?parent=68050"}],"wp:term":[{"taxonomy":"category","embeddable":true,"href":"https:\/\/linitiative.ca\/International\/wp-json\/wp\/v2\/categories?post=68050"},{"taxonomy":"post_tag","embeddable":true,"href":"https:\/\/linitiative.ca\/International\/wp-json\/wp\/v2\/tags?post=68050"}],"curies":[{"name":"wp","href":"https:\/\/api.w.org\/{rel}","templated":true}]}}