{"id":68051,"date":"2019-11-20T10:50:00","date_gmt":"2019-11-20T15:50:00","guid":{"rendered":"https:\/\/linitiative.ca\/International\/lors-de-son-deuxieme-jour-de-visite-a-ouargla-gaid-salah-evoque-le-sort-des-societes-publiques\/"},"modified":"2019-11-20T10:50:00","modified_gmt":"2019-11-20T15:50:00","slug":"lors-de-son-deuxieme-jour-de-visite-a-ouargla-gaid-salah-evoque-le-sort-des-societes-publiques","status":"publish","type":"post","link":"https:\/\/linitiative.ca\/International\/lors-de-son-deuxieme-jour-de-visite-a-ouargla-gaid-salah-evoque-le-sort-des-societes-publiques\/","title":{"rendered":"LORS DE SON DEUXIEME JOUR DE VISITE A OUARGLA : Ga\u00efd Salah \u00e9voque le sort  des soci\u00e9t\u00e9s publiques"},"content":{"rendered":"<p><br id=\"sep_para_1\" class=\"sep_para access\"\/><\/p>\n<div id=\"para_1\" class=\"para_34091080 resize\">\n<div class=\"texte access firstletter\">Lors de son deuxi\u00e8me jour de visite \u00e0 Ouargla, 4e r\u00e9gion militaire, Ahmed Ga\u00efd Salah, vice-ministre de la D\u00e9fense, chef d\u2019Etat major, a lou\u00e9 les mesures prises par le gouvernement en faveur de la protection des soci\u00e9t\u00e9s publiques. Pour Ahmed Ga\u00efd Salah, le gouvernement a bien fait. Il cite \u00e0 titre d\u2019exemple le sort r\u00e9serv\u00e9 au complexe sid\u00e9rurgique d\u2019El Hadjar, notamment son sauvetage des dessins de la bande. \u00ab Nous saluons les mesures prises pour la protection du complexe sid\u00e9rurgique d\u2019El Hadjar \u00bb, s\u2019est-il f\u00e9licit\u00e9. Et d\u2019assurer, \u00ab le complexe d\u2019El Hadjar \u00e9tait expos\u00e9 aux complots de la bande \u00bb. Ahmed Ga\u00efd Salah a \u00e9galement lou\u00e9 l\u2019attitude du peuple alg\u00e9rien, qui selon lui, rel\u00e8ve les d\u00e9fis et s\u2019adapte \u00e0 toutes les situations en d\u00e9pit des difficult\u00e9s. \u00ab Parmi les qualit\u00e9s les plus importantes du peuple alg\u00e9rien, sa solidarit\u00e9 avec la patrie \u00bb, a-t-il appuy\u00e9. Enfin, le vice-ministre de la D\u00e9fense a reconnu que l\u2019Alg\u00e9rie a besoin de ses enfants \u00ab fid\u00e8les \u00bb. \u00ab Le peuple peut faire de l\u2019Alg\u00e9rie un havre de paix \u00bb, a-t-il poursuivi.\u00a0\u00a0\u00a0\u00a0<\/div>\n<\/div>\n<p>Auteur: Nadine<br \/>\n<a href=\"https:\/\/www.reflexiondz.net\/LORS-DE-SON-DEUXIEME-JOUR-DE-VISITE-A-OUARGLA-Gaid-Salah-evoque-le-sort-des-societes-publiques_a58933.html\">Cliquez ici pour lire l&rsquo;article depuis sa source.<\/a><\/p>\n","protected":false},"excerpt":{"rendered":"<p>Lors de son deuxi\u00e8me jour de visite \u00e0 Ouargla, 4e r\u00e9gion militaire, Ahmed Ga\u00efd Salah, vice-ministre de la D\u00e9fense, chef d\u2019Etat major, a lou\u00e9 les mesures prises par le gouvernement en faveur de la protection des soci\u00e9t\u00e9s publiques. Pour Ahmed Ga\u00efd Salah, le gouvernement a bien fait. Il cite \u00e0 titre d\u2019exemple le sort r\u00e9serv\u00e9 [&hellip;]<\/p>\n","protected":false},"author":1740,"featured_media":0,"comment_status":"closed","ping_status":"closed","sticky":false,"template":"","format":"standard","meta":{"fifu_image_url":"","fifu_image_alt":"","footnotes":""},"categories":[53,76],"tags":[],"class_list":["post-68051","post","type-post","status-publish","format-standard","hentry","category-algerie","category-regions"],"_links":{"self":[{"href":"https:\/\/linitiative.ca\/International\/wp-json\/wp\/v2\/posts\/68051","targetHints":{"allow":["GET"]}}],"collection":[{"href":"https:\/\/linitiative.ca\/International\/wp-json\/wp\/v2\/posts"}],"about":[{"href":"https:\/\/linitiative.ca\/International\/wp-json\/wp\/v2\/types\/post"}],"author":[{"embeddable":true,"href":"https:\/\/linitiative.ca\/International\/wp-json\/wp\/v2\/users\/1740"}],"replies":[{"embeddable":true,"href":"https:\/\/linitiative.ca\/International\/wp-json\/wp\/v2\/comments?post=68051"}],"version-history":[{"count":0,"href":"https:\/\/linitiative.ca\/International\/wp-json\/wp\/v2\/posts\/68051\/revisions"}],"wp:attachment":[{"href":"https:\/\/linitiative.ca\/International\/wp-json\/wp\/v2\/media?parent=68051"}],"wp:term":[{"taxonomy":"category","embeddable":true,"href":"https:\/\/linitiative.ca\/International\/wp-json\/wp\/v2\/categories?post=68051"},{"taxonomy":"post_tag","embeddable":true,"href":"https:\/\/linitiative.ca\/International\/wp-json\/wp\/v2\/tags?post=68051"}],"curies":[{"name":"wp","href":"https:\/\/api.w.org\/{rel}","templated":true}]}}