{"id":68053,"date":"2019-11-20T10:50:00","date_gmt":"2019-11-20T15:50:00","guid":{"rendered":"https:\/\/linitiative.ca\/International\/ils-tentaient-de-rallier-des-groupes-terroristes-au-sahel-huit-individus-arretes-a-relizane-et-ghardaia\/"},"modified":"2019-11-20T10:50:00","modified_gmt":"2019-11-20T15:50:00","slug":"ils-tentaient-de-rallier-des-groupes-terroristes-au-sahel-huit-individus-arretes-a-relizane-et-ghardaia","status":"publish","type":"post","link":"https:\/\/linitiative.ca\/International\/ils-tentaient-de-rallier-des-groupes-terroristes-au-sahel-huit-individus-arretes-a-relizane-et-ghardaia\/","title":{"rendered":"ILS TENTAIENT DE RALLIER DES GROUPES TERRORISTES AU SAHEL : Huit  individus arr\u00eat\u00e9s  \u00e0 Relizane et Gharda\u00efa"},"content":{"rendered":"<p><br id=\"sep_para_1\" class=\"sep_para access\"\/><\/p>\n<div id=\"para_1\" class=\"para_34091102 resize\">\n<div class=\"photo shadow left\"><a href=\"javascript:void(0)\" rel=\"https:\/\/www.reflexiondz.net\/photo\/art\/grande\/39777711-34091102.jpg?v=1574275343&#038;ibox\" title=\"ILS TENTAIENT DE RALLIER DES GROUPES TERRORISTES AU SAHEL : Huit individus arr\u00eat\u00e9s \u00e0 Relizane et Gharda\u00efa\"><img decoding=\"async\" class=\"responsive c9\" src=\"https:\/\/www.reflexiondz.net\/photo\/art\/grande\/39777711-34091102.jpg?v=1574275343\" alt=\"ILS TENTAIENT DE RALLIER DES GROUPES TERRORISTES AU SAHEL : Huit individus arr\u00eat\u00e9s \u00e0 Relizane et Gharda\u00efa\" title=\"ILS TENTAIENT DE RALLIER DES GROUPES TERRORISTES AU SAHEL : Huit individus arr\u00eat\u00e9s \u00e0 Relizane et Gharda\u00efa\"\/><img decoding=\"async\" class=\"not-responsive\" src=\"https:\/\/www.reflexiondz.net\/photo\/art\/default\/39777711-34091102.jpg?v=1574275345\" alt=\"ILS TENTAIENT DE RALLIER DES GROUPES TERRORISTES AU SAHEL : Huit individus arr\u00eat\u00e9s \u00e0 Relizane et Gharda\u00efa\" title=\"ILS TENTAIENT DE RALLIER DES GROUPES TERRORISTES AU SAHEL : Huit individus arr\u00eat\u00e9s \u00e0 Relizane et Gharda\u00efa\"\/><\/a><\/div>\n<div class=\"texte access firstletter\">Des d\u00e9tachements de l\u2019Arm\u00e9e nationale populaire (ANP) ont mis en \u00e9chec, le 19 novembre 2019, en coordination avec des \u00e9l\u00e9ments de la Gendarmerie nationale, des tentatives de ralliement de huit (08) individus\u00a0 \u00e0 des groupes terroristes activant au Sahel. Ainsi, cinq (05) individus ont \u00e9t\u00e9 appr\u00e9hend\u00e9s \u00e0 Relizane et trois (03) autres \u00e0 Gharda\u00efa. Des \u00e9l\u00e9ments de l\u2019ANP ont arr\u00eat\u00e9, \u00e0 M\u2019sila, un \u00e9l\u00e9ment de soutien aux groupes terroristes, tandis qu\u2019un d\u00e9tachement a d\u00e9couvert et d\u00e9truit, lors d\u2019une op\u00e9ration de recherche et de ratissage men\u00e9e dans la localit\u00e9 de Baloul, commune Souk El-Had, wilaya de Boumerd\u00e8s, deux (02) bombes de confection artisanale pr\u00eates \u00e0 l\u2019utilisation. Par ailleurs, un d\u00e9tachement de l\u2019ANP a arr\u00eat\u00e9, \u00e0 Djanet, trois (03) narcotrafiquants et saisi un (01) kilogramme de kif trait\u00e9 et un (01) v\u00e9hicule tout-terrain, alors que des \u00e9l\u00e9ments de la Gendarmerie nationale ont arr\u00eat\u00e9 deux (02) narcotrafiquants en possession de (1094) comprim\u00e9s psychotropes \u00e0 Alger. A Na\u00e2ma, des \u00e9l\u00e9ments de la GN ont intercept\u00e9, un (01) individu en possession d\u2019un (01) drone dot\u00e9 de cam\u00e9ra, alors que trois (03) immigrants clandestins ont \u00e9t\u00e9 arr\u00eat\u00e9s \u00e0 Tindouf.<\/div>\n<\/div>\n<p>Auteur: Ismain<br \/>\n<a href=\"https:\/\/www.reflexiondz.net\/ILS-TENTAIENT-DE-RALLIER-DES-GROUPES-TERRORISTES-AU-SAHEL-Huit-individus-arretes-a-Relizane-et-Ghardaia_a58937.html\">Cliquez ici pour lire l&rsquo;article depuis sa source.<\/a><\/p>\n","protected":false},"excerpt":{"rendered":"<p>Des d\u00e9tachements de l\u2019Arm\u00e9e nationale populaire (ANP) ont mis en \u00e9chec, le 19 novembre 2019, en coordination avec des \u00e9l\u00e9ments de la Gendarmerie nationale, des tentatives de ralliement de huit (08) individus\u00a0 \u00e0 des groupes terroristes activant au Sahel. Ainsi, cinq (05) individus ont \u00e9t\u00e9 appr\u00e9hend\u00e9s \u00e0 Relizane et trois (03) autres \u00e0 Gharda\u00efa. Des [&hellip;]<\/p>\n","protected":false},"author":1740,"featured_media":0,"comment_status":"closed","ping_status":"closed","sticky":false,"template":"","format":"standard","meta":{"fifu_image_url":"","fifu_image_alt":"","footnotes":""},"categories":[53,76],"tags":[],"class_list":["post-68053","post","type-post","status-publish","format-standard","hentry","category-algerie","category-regions"],"_links":{"self":[{"href":"https:\/\/linitiative.ca\/International\/wp-json\/wp\/v2\/posts\/68053","targetHints":{"allow":["GET"]}}],"collection":[{"href":"https:\/\/linitiative.ca\/International\/wp-json\/wp\/v2\/posts"}],"about":[{"href":"https:\/\/linitiative.ca\/International\/wp-json\/wp\/v2\/types\/post"}],"author":[{"embeddable":true,"href":"https:\/\/linitiative.ca\/International\/wp-json\/wp\/v2\/users\/1740"}],"replies":[{"embeddable":true,"href":"https:\/\/linitiative.ca\/International\/wp-json\/wp\/v2\/comments?post=68053"}],"version-history":[{"count":0,"href":"https:\/\/linitiative.ca\/International\/wp-json\/wp\/v2\/posts\/68053\/revisions"}],"wp:attachment":[{"href":"https:\/\/linitiative.ca\/International\/wp-json\/wp\/v2\/media?parent=68053"}],"wp:term":[{"taxonomy":"category","embeddable":true,"href":"https:\/\/linitiative.ca\/International\/wp-json\/wp\/v2\/categories?post=68053"},{"taxonomy":"post_tag","embeddable":true,"href":"https:\/\/linitiative.ca\/International\/wp-json\/wp\/v2\/tags?post=68053"}],"curies":[{"name":"wp","href":"https:\/\/api.w.org\/{rel}","templated":true}]}}