{"id":68054,"date":"2019-11-20T10:53:00","date_gmt":"2019-11-20T15:53:00","guid":{"rendered":"https:\/\/linitiative.ca\/International\/tebboune-accuse-implicitement-par-mihoubi\/"},"modified":"2019-11-20T10:53:00","modified_gmt":"2019-11-20T15:53:00","slug":"tebboune-accuse-implicitement-par-mihoubi","status":"publish","type":"post","link":"https:\/\/linitiative.ca\/International\/tebboune-accuse-implicitement-par-mihoubi\/","title":{"rendered":"Tebboune accus\u00e9 implicitement  par Mihoubi"},"content":{"rendered":"<p><br id=\"sep_para_1\" class=\"sep_para access\"\/><\/p>\n<div id=\"para_1\" class=\"para_34091127 resize\">\n<div class=\"texte access firstletter\">Invit\u00e9, hier, au Forum El-Hiwar, le candidat \u00e0 la pr\u00e9sidentielle de d\u00e9cembre prochain, M. Azzedine Mihoubi, a r\u00e9agi aux d\u00e9clarations du candidat Tebboune, sans le nommer, concernant le rapatriement de l\u2019argent vol\u00e9. Mihoubi a d\u00e9clar\u00e9 que : \u2018\u2019ceux qui sachent le montant exact de l\u2019argent vol\u00e9,\u00a0 c\u2019est\u00a0 eux qui l\u2019ont vol\u00e9 et personne d\u2019autre\u2019\u2019.\u00a0\u00a0 Abdelmadjid Tebboune avait r\u00e9v\u00e9l\u00e9, \u00e0 plusieurs reprises, qu&rsquo;il sait o\u00f9 se trouve l&rsquo;argent public d\u00e9tourn\u00e9 par les membres de la \u2018\u2019Issaba\u2019\u2019. Une information qu&rsquo;il garde secr\u00e8te. Lors de la pr\u00e9sentation des grandes lignes de son programme \u00e9lectoral articul\u00e9 autour de 54 promesses, Tebboune a promis de supprimer l\u2019imp\u00f4t pour tous ceux dont le salaire est inf\u00e9rieur \u00e0 30.000 Da et \u00e0 r\u00e9cup\u00e9rer l\u2019argent vol\u00e9.\u00a0 \u00abIl y a de l\u2019argent, je sais o\u00f9 le trouver et o\u00f9 l\u2019investir \u00bb, a-t-il indiqu\u00e9 en assurant que l\u2019op\u00e9ration de lutte contre la corruption engag\u00e9e par le ministre de la Justice se poursuivra, s\u2019il est \u00e9lu pr\u00e9sident de la R\u00e9publique. Et que\u00a0 \u00abl\u2019argent vol\u00e9 sera bien rapatri\u00e9\u00bb. Il s\u2019est \u00e9galement engag\u00e9 \u00e0 r\u00e9gler le probl\u00e8me des retraites.\u00a0 \u00bb Ce n\u2019est pas du populisme, mais c\u2019est une m\u00e9thode \u00e9tudi\u00e9e. Je m\u2019engage \u00e0 am\u00e9liorer le pouvoir d\u2019achat de la classe ouvri\u00e8re et de la classe moyenne \u00bb , a-t-il promis. Le candidat ind\u00e9pendant a fait un constat dramatique, en pointant nombre de \u00ab\u00a0 dysfonctionnements \u00bb , mais dans le m\u00eame temps, il estime que les potentialit\u00e9s du pays\u00a0 \u00bb sont \u00e9normes pour trouver des solutions \u00e0 cette crise \u00bb.\u00a0\u00a0 Pour ce qui est des secteurs de la d\u00e9fense et de la Politique \u00e9trang\u00e8res, Tebboune promet de\u00a0 \u00bb mettre l\u2019industrie militaire au service de la s\u00e9curit\u00e9 et de la d\u00e9fense nationales, et en faveur du d\u00e9veloppement \u00e9conomique, et s\u2019employer \u00e0 la r\u00e9vision des objectifs et des missions classiques de la diplomatie alg\u00e9rienne \u00bb, tout en veillant \u00e0 \u00ab la promotion la participation de la communaut\u00e9 nationale \u00e0 l\u2019\u00e9tranger dans le renouveau national \u00bb. Le programme \u00e9lectoral de Tebboune\u00a0 \u00bb cadre avec le v\u00e9cu et les revendications du Hirak, c\u2019est pour autant qu\u2019il est applicable \u00bb, a-t-il conclu. Interrog\u00e9 par la presse sur un \u00e9ventuel soutien du FLN, Abdelmadjid Tebboune avait indiqu\u00e9 qu\u2019il se pr\u00e9sentait en candidat libre et que\u00a0 \u00bb toutes les voix qui me soutiennent sont les bienvenues \u00e0 l\u2019exception de celles qui gravitent autour du courant \u00e9tranger ou attentent aux constantes nationales \u00bb . Pour lui, il s\u2019agit d\u2019une\u00a0 \u00bb temp\u00eate dans un verre d\u2019eau \u00ab . Evoquant le sens de sa candidature \u00e0 la prochaine pr\u00e9sidentielle, l\u2019ancien premier ministre a soulign\u00e9 que cette \u00e9ch\u00e9ance n\u2019est pas la solution \u00e0 la crise politique que traverse le pays, mais le d\u00e9but de la solution qui doit appeler d\u2019autres d\u00e9marches, \u00e0 l\u2019avenir. En revanche, a-t-il temp\u00e9r\u00e9\u00a0 \u00bb je ne ferai aucune promesse que je ne saurais satisfaire \u00bb .<\/div>\n<\/div>\n<p>Auteur: R\u00e9flexion<br \/>\n<a href=\"https:\/\/www.reflexiondz.net\/Tebboune-accuse-implicitement-par-Mihoubi_a58941.html\">Cliquez ici pour lire l&rsquo;article depuis sa source.<\/a><\/p>\n","protected":false},"excerpt":{"rendered":"<p>Invit\u00e9, hier, au Forum El-Hiwar, le candidat \u00e0 la pr\u00e9sidentielle de d\u00e9cembre prochain, M. Azzedine Mihoubi, a r\u00e9agi aux d\u00e9clarations du candidat Tebboune, sans le nommer, concernant le rapatriement de l\u2019argent vol\u00e9. Mihoubi a d\u00e9clar\u00e9 que : \u2018\u2019ceux qui sachent le montant exact de l\u2019argent vol\u00e9,\u00a0 c\u2019est\u00a0 eux qui l\u2019ont vol\u00e9 et personne d\u2019autre\u2019\u2019.\u00a0\u00a0 Abdelmadjid [&hellip;]<\/p>\n","protected":false},"author":1740,"featured_media":0,"comment_status":"closed","ping_status":"closed","sticky":false,"template":"","format":"standard","meta":{"fifu_image_url":"","fifu_image_alt":"","footnotes":""},"categories":[53,76],"tags":[],"class_list":["post-68054","post","type-post","status-publish","format-standard","hentry","category-algerie","category-regions"],"_links":{"self":[{"href":"https:\/\/linitiative.ca\/International\/wp-json\/wp\/v2\/posts\/68054","targetHints":{"allow":["GET"]}}],"collection":[{"href":"https:\/\/linitiative.ca\/International\/wp-json\/wp\/v2\/posts"}],"about":[{"href":"https:\/\/linitiative.ca\/International\/wp-json\/wp\/v2\/types\/post"}],"author":[{"embeddable":true,"href":"https:\/\/linitiative.ca\/International\/wp-json\/wp\/v2\/users\/1740"}],"replies":[{"embeddable":true,"href":"https:\/\/linitiative.ca\/International\/wp-json\/wp\/v2\/comments?post=68054"}],"version-history":[{"count":0,"href":"https:\/\/linitiative.ca\/International\/wp-json\/wp\/v2\/posts\/68054\/revisions"}],"wp:attachment":[{"href":"https:\/\/linitiative.ca\/International\/wp-json\/wp\/v2\/media?parent=68054"}],"wp:term":[{"taxonomy":"category","embeddable":true,"href":"https:\/\/linitiative.ca\/International\/wp-json\/wp\/v2\/categories?post=68054"},{"taxonomy":"post_tag","embeddable":true,"href":"https:\/\/linitiative.ca\/International\/wp-json\/wp\/v2\/tags?post=68054"}],"curies":[{"name":"wp","href":"https:\/\/api.w.org\/{rel}","templated":true}]}}