{"id":68055,"date":"2019-11-20T12:40:00","date_gmt":"2019-11-20T17:40:00","guid":{"rendered":"https:\/\/linitiative.ca\/International\/le-debut-de-la-fin-de-certains-candidats\/"},"modified":"2019-11-20T12:40:00","modified_gmt":"2019-11-20T17:40:00","slug":"le-debut-de-la-fin-de-certains-candidats","status":"publish","type":"post","link":"https:\/\/linitiative.ca\/International\/le-debut-de-la-fin-de-certains-candidats\/","title":{"rendered":"Le d\u00e9but de la fin  de certains candidats.. !"},"content":{"rendered":"<p><br id=\"sep_para_1\" class=\"sep_para access\"\/><\/p>\n<div id=\"para_1\" class=\"para_34092841 resize\">\n<div class=\"photo shadow left\"><a href=\"javascript:void(0)\" rel=\"https:\/\/www.reflexiondz.net\/photo\/art\/grande\/39782955-34092841.jpg?v=1574275376&#038;ibox\" title=\"Le d\u00e9but de la fin de certains candidats.. !\"><img decoding=\"async\" class=\"responsive c9\" src=\"https:\/\/www.reflexiondz.net\/photo\/art\/grande\/39782955-34092841.jpg?v=1574275376\" alt=\"Le d\u00e9but de la fin de certains candidats.. !\" title=\"Le d\u00e9but de la fin de certains candidats.. !\"\/><img decoding=\"async\" class=\"not-responsive\" src=\"https:\/\/www.reflexiondz.net\/photo\/art\/default\/39782955-34092841.jpg?v=1574275378\" alt=\"Le d\u00e9but de la fin de certains candidats.. !\" title=\"Le d\u00e9but de la fin de certains candidats.. !\"\/><\/a><\/div>\n<div class=\"texte access firstletter\">La fin du d\u00e9but, d\u2019une pi\u00e8ce th\u00e9\u00e2trale d\u2019un candidat \u00e0 la pr\u00e9sidentielle qui s\u2019est distingu\u00e9 depuis le d\u00e9but de sa campagne \u00e9lectorale marqu\u00e9e par des tirs crois\u00e9s de son propre groupe, voulant jouer au super candidat, tentant de s\u00e9duire l\u2019\u00e9lectorat, il est prisonnier de ses propres paroles.\u00a0 \u00a0<br \/>Poussant le bouchon un peu plus loin, ce candidat dynamite son programme \u00e9lectoral par des discours, tant\u00f4t, de la fiction comme celui de planter des champs de canne \u00e0 sucre dans la r\u00e9gion saharienne \u2018\u2019Adrar\u2019\u2019, alors que scientifiquement, les champs de canne n\u00e9cessitent beaucoup d&rsquo;eau, environ 13 000 \u00e0 15 000 m\u00e8tres cubes par hectare avec des syst\u00e8mes d&rsquo;irrigation performants. Si les plants au d\u00e9but du champ doivent \u00eatre noy\u00e9s sous des quantit\u00e9s d&rsquo;eau trop importantes, dont une bonne partie de cette eau est perdue par \u00e9vaporation, avec quelle eau et comment ce candidat peut-il transformer Adrar avec une temp\u00e9rature de 48\u00b0C en une wilaya productive de sucre ?<br \/>D\u2019un discours muscl\u00e9 \u00e0 un autre pour se distinguer des autres candidats, il affirme qu\u2019il est le seul pouvant faire resituer l\u2019argent de la Issaba et qu\u2019il sait o\u00f9 il est ! Une d\u00e9claration, qui explose sur les r\u00e9seaux sociaux qui ne tardent pas \u00e0 descendre son instigateur en flammes, quoi que ses derni\u00e8res charges contre le ministre fran\u00e7ais des affaires \u00e9trang\u00e8res l\u2019ont costum\u00e9 de patriotisme, mais l\u2019ont d\u00e9v\u00eatu de ses soutiens du Quai d\u2019Orsay !<br \/>Ce Pr\u00e9sidentiable qui a fait de son parcours, un\u00a0 cheval de campagne, soutenant qu\u2019il a \u00e9t\u00e9 \u00e9vinc\u00e9 et opprim\u00e9 par l\u2019ancien Pouvoir parce qu\u2019il a refus\u00e9 de cautionner le mariage de l\u2019argent sale avec la politique, sera oblig\u00e9 avec l\u2019annonce de l\u2019\u00e9clatement de l\u2019affaire Omar Alilat ,de changer son plan politique , faire volte-face et opter pour un discours d\u00e9fensif, apr\u00e8s que plusieurs medias et activistes des r\u00e9seaux sociaux ont r\u00e9v\u00e9l\u00e9 son approche intime avec cet oligarque , allant jusqu\u2019\u00e0 l\u2019accuser de financement de sa campagne \u00e9lectorale ! \u00a0<br \/>L\u2019affaire du d\u00e9put\u00e9 Alilat qui surgit quelques jours apr\u00e8s l\u2019annonce de l\u2019ANIE, d\u2019enqu\u00eater sur les sources de financement des candidats \u00e0 la Pr\u00e9sidentielle, et les rumeurs qui parlent d\u2019un possible lien entre ce candidat et ce milliardaire, arr\u00eat\u00e9 hier et mis sous les verrous, ne font que pr\u00e9cipiter la chute de ce postulant au fauteuil d\u2019El Mouradia , qui se voyait, le plus favori des autres !\u00a0\u00a0\u00a0\u00a0\u00a0\u00a0 \u00a0<br \/>Ainsi, nous vivons une sc\u00e8ne folklorique, un candidat qui crie \u00e0 l\u2019argent sale et se jette dans les bras de la Issaba, et un autre candidat qui fait la pri\u00e8re sur le trottoir, tandis qu\u2019un troisi\u00e8me ne connait pas la date de l&rsquo;occupant fran\u00e7ais !<\/div>\n<\/div>\n<p>Auteur: Belkacem .B<br \/>\n<a href=\"https:\/\/www.reflexiondz.net\/Le-debut-de-la-fin-de-certains-candidats-_a58942.html\">Cliquez ici pour lire l&rsquo;article depuis sa source.<\/a><\/p>\n","protected":false},"excerpt":{"rendered":"<p>La fin du d\u00e9but, d\u2019une pi\u00e8ce th\u00e9\u00e2trale d\u2019un candidat \u00e0 la pr\u00e9sidentielle qui s\u2019est distingu\u00e9 depuis le d\u00e9but de sa campagne \u00e9lectorale marqu\u00e9e par des tirs crois\u00e9s de son propre groupe, voulant jouer au super candidat, tentant de s\u00e9duire l\u2019\u00e9lectorat, il est prisonnier de ses propres paroles.\u00a0 \u00a0Poussant le bouchon un peu plus loin, ce [&hellip;]<\/p>\n","protected":false},"author":1740,"featured_media":0,"comment_status":"closed","ping_status":"closed","sticky":false,"template":"","format":"standard","meta":{"fifu_image_url":"","fifu_image_alt":"","footnotes":""},"categories":[53,76],"tags":[],"class_list":["post-68055","post","type-post","status-publish","format-standard","hentry","category-algerie","category-regions"],"_links":{"self":[{"href":"https:\/\/linitiative.ca\/International\/wp-json\/wp\/v2\/posts\/68055","targetHints":{"allow":["GET"]}}],"collection":[{"href":"https:\/\/linitiative.ca\/International\/wp-json\/wp\/v2\/posts"}],"about":[{"href":"https:\/\/linitiative.ca\/International\/wp-json\/wp\/v2\/types\/post"}],"author":[{"embeddable":true,"href":"https:\/\/linitiative.ca\/International\/wp-json\/wp\/v2\/users\/1740"}],"replies":[{"embeddable":true,"href":"https:\/\/linitiative.ca\/International\/wp-json\/wp\/v2\/comments?post=68055"}],"version-history":[{"count":0,"href":"https:\/\/linitiative.ca\/International\/wp-json\/wp\/v2\/posts\/68055\/revisions"}],"wp:attachment":[{"href":"https:\/\/linitiative.ca\/International\/wp-json\/wp\/v2\/media?parent=68055"}],"wp:term":[{"taxonomy":"category","embeddable":true,"href":"https:\/\/linitiative.ca\/International\/wp-json\/wp\/v2\/categories?post=68055"},{"taxonomy":"post_tag","embeddable":true,"href":"https:\/\/linitiative.ca\/International\/wp-json\/wp\/v2\/tags?post=68055"}],"curies":[{"name":"wp","href":"https:\/\/api.w.org\/{rel}","templated":true}]}}