{"id":68071,"date":"2019-11-20T13:53:52","date_gmt":"2019-11-20T18:53:52","guid":{"rendered":"https:\/\/linitiative.ca\/International\/tanger-le-francais-sealynx-inaugure-une-nouvelle-usine\/"},"modified":"2019-11-20T13:53:52","modified_gmt":"2019-11-20T18:53:52","slug":"tanger-le-francais-sealynx-inaugure-une-nouvelle-usine","status":"publish","type":"post","link":"https:\/\/linitiative.ca\/International\/tanger-le-francais-sealynx-inaugure-une-nouvelle-usine\/","title":{"rendered":"Tanger : le fran\u00e7ais Sealynx inaugure une nouvelle usine"},"content":{"rendered":"<p><strong>Il s\u2019agit de la 5<\/strong><sup><strong>\u00e8me<\/strong><\/sup><strong>unit\u00e9 du sp\u00e9cialiste dans la fabrication des joints d\u2019\u00e9tanch\u00e9it\u00e9 automobile.<\/strong><\/p>\n<div class=\"c10\"\/>\n<p>La soci\u00e9t\u00e9 <strong>Sealynx Automotive Morocco<\/strong>, filiale du fran\u00e7ais Sealynx International (Groupe GMD) a inaugur\u00e9, mercredi \u00e0 <strong>Tanger<\/strong>, une nouvelle unit\u00e9 de production sp\u00e9cialis\u00e9e dans la fabrication des joints d\u2019\u00e9tanch\u00e9it\u00e9 <strong>automobile<\/strong>.<\/p>\n<p>\u00c9tal\u00e9e sur une superficie de 12.600 m\u00b2, cette cinqui\u00e8me <strong>usine<\/strong> de la soci\u00e9t\u00e9 vise \u00e0 r\u00e9pondre au besoin croissant des constructeurs automobiles implant\u00e9s localement, notamment Renault et PSA, les deux clients majeurs du groupe GMD.<\/p>\n<p><strong>Sealynx Automotive Morocco<\/strong> b\u00e9n\u00e9ficie des toutes derni\u00e8res technologies mises au point par le p\u00f4le \u00e9tanch\u00e9it\u00e9 Sealynx International avec l\u2019expertise et la technicit\u00e9 des \u00e9quipes de Tanger.<\/p>\n<p>Lire aussi : <a href=\"https:\/\/www.challenge.ma\/lallemand-contitech-sinstalle-a-tanger-automotive-city-123356\/\" target=\"_blank\" rel=\"noreferrer noopener\" aria-label=\" (s\u2019ouvre dans un nouvel onglet)\">L\u2019allemand ContiTech s\u2019installe \u00e0 Tanger Automotive City<\/a><\/p>\n<p>Au-del\u00e0 de la production, Sealynx International a \u00e9galement pour objectif, d\u00e8s l\u2019ann\u00e9e 2020, de d\u00e9velopper progressivement un centre de d\u00e9veloppement de produits nouveaux destin\u00e9s au march\u00e9 local. L\u2019ensemble de ce projet repr\u00e9sente un investissement total de 22 millions d\u2019euros et cr\u00e9era 180 emplois \u00e0 l\u2019horizon 2022.<\/p>\n<div class=\"c17\">\n<fieldset class=\"c16\">\n<legend><strong><span class=\"c11\">Challenge<\/span><span class=\"c12\">news<\/span><\/strong><\/legend>\n<div class=\"c15\">Le meilleur de Challenge s\u00e9lectionn\u00e9 par la r\u00e9daction :<\/p>\n<\/div>\n<\/fieldset>\n<\/div>\n<p>Auteur: challenge<br \/>\n<a href=\"https:\/\/www.challenge.ma\/tanger-le-francais-sealynx-inaugure-sa-cinquieme-usine-123645\/\">Cliquez ici pour lire l&rsquo;article depuis sa source.<\/a><\/p>\n","protected":false},"excerpt":{"rendered":"<p>Il s\u2019agit de la 5\u00e8meunit\u00e9 du sp\u00e9cialiste dans la fabrication des joints d\u2019\u00e9tanch\u00e9it\u00e9 automobile. La soci\u00e9t\u00e9 Sealynx Automotive Morocco, filiale du fran\u00e7ais Sealynx International (Groupe GMD) a inaugur\u00e9, mercredi \u00e0 Tanger, une nouvelle unit\u00e9 de production sp\u00e9cialis\u00e9e dans la fabrication des joints d\u2019\u00e9tanch\u00e9it\u00e9 automobile. \u00c9tal\u00e9e sur une superficie de 12.600 m\u00b2, cette cinqui\u00e8me usine de [&hellip;]<\/p>\n","protected":false},"author":1787,"featured_media":0,"comment_status":"closed","ping_status":"closed","sticky":false,"template":"","format":"standard","meta":{"fifu_image_url":"","fifu_image_alt":"","footnotes":""},"categories":[78,54],"tags":[],"class_list":["post-68071","post","type-post","status-publish","format-standard","hentry","category-economie","category-maroc"],"_links":{"self":[{"href":"https:\/\/linitiative.ca\/International\/wp-json\/wp\/v2\/posts\/68071","targetHints":{"allow":["GET"]}}],"collection":[{"href":"https:\/\/linitiative.ca\/International\/wp-json\/wp\/v2\/posts"}],"about":[{"href":"https:\/\/linitiative.ca\/International\/wp-json\/wp\/v2\/types\/post"}],"author":[{"embeddable":true,"href":"https:\/\/linitiative.ca\/International\/wp-json\/wp\/v2\/users\/1787"}],"replies":[{"embeddable":true,"href":"https:\/\/linitiative.ca\/International\/wp-json\/wp\/v2\/comments?post=68071"}],"version-history":[{"count":0,"href":"https:\/\/linitiative.ca\/International\/wp-json\/wp\/v2\/posts\/68071\/revisions"}],"wp:attachment":[{"href":"https:\/\/linitiative.ca\/International\/wp-json\/wp\/v2\/media?parent=68071"}],"wp:term":[{"taxonomy":"category","embeddable":true,"href":"https:\/\/linitiative.ca\/International\/wp-json\/wp\/v2\/categories?post=68071"},{"taxonomy":"post_tag","embeddable":true,"href":"https:\/\/linitiative.ca\/International\/wp-json\/wp\/v2\/tags?post=68071"}],"curies":[{"name":"wp","href":"https:\/\/api.w.org\/{rel}","templated":true}]}}