{"id":68072,"date":"2019-11-20T11:24:58","date_gmt":"2019-11-20T16:24:58","guid":{"rendered":"https:\/\/linitiative.ca\/International\/tunisie-video-quid-du-stade-chedly-zouiten\/"},"modified":"2019-11-20T11:24:58","modified_gmt":"2019-11-20T16:24:58","slug":"tunisie-video-quid-du-stade-chedly-zouiten","status":"publish","type":"post","link":"https:\/\/linitiative.ca\/International\/tunisie-video-quid-du-stade-chedly-zouiten\/","title":{"rendered":"Tunisie \u2013 Vid\u00e9o : Quid du stade\u00a0Chedly-Zouiten\u00a0?"},"content":{"rendered":"<p><span data-contrast=\"auto\">Ferm\u00e9 depuis un bon moment, le stade\u00a0<\/span><span data-contrast=\"auto\">Chedly-Zouiten<\/span><span data-contrast=\"auto\">\u00a0sera enfin op\u00e9rationnel\u00a0pour\u00a0accueillir les amateurs\u00a0du\u00a0ballon\u00a0rond.\u00a0\u00a0<\/span><span data-ccp-props=\"{\"201341983\":0,\"335559739\":160,\"335559740\":259}\">\u00a0<\/span><\/p>\n<p><span data-contrast=\"auto\">Les travaux d\u2019am\u00e9nagement effectu\u00e9s ces derniers mois par la municipalit\u00e9 de Tunis (pour notamment installer une cl\u00f4ture de s\u00e9paration entre les gradins et la pelouse) sont termin\u00e9s.\u00a0<\/span><span data-contrast=\"auto\">Le lieu\u00a0pourra accueillir jusqu\u2019\u00e0 18.000 supporter.<\/span><span data-ccp-props=\"{\"201341983\":0,\"335559739\":160,\"335559740\":259}\">\u00a0<\/span><\/p>\n<div class=\"code-block code-block-1 c4\"><ins class=\"adsbygoogle c3\" data-ad-layout=\"in-article\" data-ad-format=\"fluid\" data-ad-client=\"ca-pub-2102118777505746\" data-ad-slot=\"7301775417\"\/> <\/div>\n<p><span data-contrast=\"auto\">Dans ce contexte, Imed\u00a0<\/span><span data-contrast=\"auto\">Dabbebi<\/span><span data-contrast=\"auto\">\u00a0conseiller municipal et chef de la commission de la jeunesse et du sport \u00e0 la Municipalit\u00e9 de Tunis, a affirm\u00e9, dans un interview accord\u00e9 \u00e0\u00a0<\/span><span data-contrast=\"auto\">Tunisienum\u00e9rique<\/span><span data-contrast=\"auto\">, que la municipalit\u00e9 attendra la d\u00e9cision finale concernant l\u2019homologation du stade par un comit\u00e9 sp\u00e9cial supervis\u00e9 par le gouverneur de Tunis.<\/span><span data-ccp-props=\"{\"201341983\":0,\"335559739\":160,\"335559740\":259}\">\u00a0<\/span><\/p>\n<p><span data-contrast=\"auto\">\u201c Le stade\u00a0<\/span><span data-contrast=\"auto\">Chedly-Zouiten<\/span><span data-contrast=\"auto\">\u00a0est l\u2019un des monuments de Tunis et du sport tunisien et nous sommes appel\u00e9s \u00e0 le garder sans le compromettre\u201d, a-t-il indiqu\u00e9.<\/span><span data-ccp-props=\"{\"201341983\":0,\"335559739\":160,\"335559740\":259}\">\u00a0<\/span><\/p>\n<p><span data-contrast=\"auto\">Imed\u00a0<\/span><span data-contrast=\"auto\">Dabbebi<\/span><span data-contrast=\"auto\">\u00a0a d\u00e9clar\u00e9 que la municipalit\u00e9 a\u00a0<\/span><span data-contrast=\"auto\">effectu\u00e9 les travaux de r\u00e9novation n\u00e9cessaires en fournissant des barri\u00e8res fortifi\u00e9es pour assurer la s\u00e9curit\u00e9 du stade. L\u2019instance municipal a \u00e9galement<\/span> <span data-contrast=\"auto\">regazonn\u00e9 le terrain.<\/span><span data-ccp-props=\"{\"201341983\":0,\"335559739\":160,\"335559740\":259}\">\u00a0<\/span><\/p>\n<p><span data-contrast=\"auto\">Le\u00a0<\/span><span data-contrast=\"auto\">conseiller municipal a d\u00e9voil\u00e9 : \u201c Nous avons r\u00e9pondu aux demandes des forces de s\u00e9curit\u00e9s et de la protection civile afin de garantir la s\u00fbret\u00e9 des supporter.\u201d<\/span><\/p>\n<p><span data-contrast=\"auto\">Concernant le nombre des supporter, Imed\u00a0<\/span><span data-contrast=\"auto\">Dabbebi<\/span><span data-contrast=\"auto\">\u00a0a soulign\u00e9 que l<\/span><span data-contrast=\"auto\">a\u00a0<\/span><span data-contrast=\"auto\">capacit\u00e9<\/span><span data-contrast=\"auto\">\u00a0du\u00a0<\/span><span data-contrast=\"auto\">stade<\/span><span data-contrast=\"auto\">\u00a0sera port\u00e9e de 10.000 \u00e0 18.000, indiquant que les forces de\u00a0l\u2019ordre sont seules autoris\u00e9es \u00e0 d\u00e9terminer le nombre de tickets de chaque match.<\/span><span data-ccp-props=\"{\"201341983\":0,\"335559739\":160,\"335559740\":259}\">\u00a0<\/span><\/p>\n<p><span data-contrast=\"auto\">D\u2019autre part,\u00a0<\/span><span data-contrast=\"auto\">Dabbebi<\/span><span data-contrast=\"auto\">\u00a0a ni\u00e9 que les r\u00e9sidents de la zone du Belv\u00e9d\u00e8re soient la cause de la fermeture du stade,\u00a0 disant que\u00a0<\/span><span data-contrast=\"auto\">Chedly-Zouiten<\/span><span data-contrast=\"auto\">\u00a0a \u00e9t\u00e9 construit avant la cr\u00e9ation de la zone r\u00e9sidentielle.<\/span><span data-ccp-props=\"{\"201341983\":0,\"335559739\":160,\"335559740\":259}\">\u00a0<\/span><\/p>\n<p><span data-contrast=\"auto\">Fond\u00e9 en 1942, le stade, situ\u00e9\u00a0dans le quartier du Belv\u00e9d\u00e8re \u00e0\u00a0Tunis,\u00a0a abrit\u00e9 la\u00a0coupe d\u2019Afrique des nations en 1965. Il est r\u00e9nov\u00e9 pour accueillir deux rencontres de la\u00a0coupe d\u2019Afrique des nations 1994. Longtemps stade principal de la capitale, il est supplant\u00e9 par le\u00a0stade olympique d\u2019El Menzah en 1967\u00a0<\/span><span data-contrast=\"auto\">\u00a0puis par le\u00a0stade olympique de Rad\u00e8s\u00a0en\u00a02001, tous deux plus grands et plus modernes.\u00a0<\/span><span data-ccp-props=\"{\"201341983\":0,\"335559739\":160,\"335559740\":259}\">\u00a0<\/span><\/p>\n<p><span data-contrast=\"auto\">Le\u00a0Stade Tunisien y \u00e9lit domicile jusqu\u2019en\u00a02011, ann\u00e9e de l\u2019inauguration de son propre terrain, le stade<\/span> <span data-contrast=\"auto\">H\u00e9di<\/span><span data-contrast=\"auto\">\u00a0<\/span><span data-contrast=\"auto\">Enneifer<\/span><span data-contrast=\"auto\">.<\/span><span data-ccp-props=\"{\"201341983\":0,\"335559739\":160,\"335559740\":259}\">\u00a0<\/span><\/p>\n<div class=\"code-block code-block-2 c4\"><ins class=\"adsbygoogle c3\" data-ad-layout=\"in-article\" data-ad-format=\"fluid\" data-ad-client=\"ca-pub-2102118777505746\" data-ad-slot=\"7301775417\"\/> <\/div>\n<div class=\"heateor_sss_sharing_container heateor_sss_horizontal_sharing\" heateor-sss-data-href=\"https:\/\/sport.tunisienumerique.com\/tunisie-video-quid-stade-chedly-zouiten\/\" heateor-sss-no-counts=\"1\">\n<div class=\"heateor_sss_sharing_title c5\">Cet article vous a \u00e9t\u00e9 utile? Partagez le, il int\u00e9ressera d\u2019autres personnes. Merci!<\/div>\n<ul class=\"heateor_sss_sharing_ul\">\n<li class=\"heateorSssSharingRound\"><em alt=\"Facebook\" title=\"Facebook\" class=\"heateorSssSharing heateorSssFacebookBackground c6\" onclick=\"heateorSssPopup(\"https:\/\/www.facebook.com\/sharer\/sharer.php?u=https%3A%2F%2Fsport.tunisienumerique.com%2Ftunisie-video-quid-stade-chedly-zouiten%2F\")\">\u00a0<\/em><\/li>\n<li class=\"heateorSssSharingRound\"><em alt=\"Twitter\" title=\"Twitter\" class=\"heateorSssSharing heateorSssTwitterBackground c6\" onclick=\"heateorSssPopup(\"http:\/\/twitter.com\/intent\/tweet?text=Tunisie%20%E2%80%93%20Vid%C3%A9o%20%3A%20Quid%20du%20stade%C2%A0Chedly-Zouiten%C2%A0%3F&#038;url=https%3A%2F%2Fsport.tunisienumerique.com%2Ftunisie-video-quid-stade-chedly-zouiten%2F\")\">\u00a0<\/em><\/li>\n<li class=\"heateorSssSharingRound\"><em alt=\"Linkedin\" title=\"Linkedin\" class=\"heateorSssSharing heateorSssLinkedinBackground c6\" onclick=\"heateorSssPopup(\"http:\/\/www.linkedin.com\/shareArticle?mini=true&#038;url=https%3A%2F%2Fsport.tunisienumerique.com%2Ftunisie-video-quid-stade-chedly-zouiten%2F&#038;title=Tunisie%20%E2%80%93%20Vid%C3%A9o%20%3A%20Quid%20du%20stade%C2%A0Chedly-Zouiten%C2%A0%3F\")\">\u00a0<\/em><\/li>\n<li class=\"heateorSssSharingRound\"><em alt=\"Google Gmail\" title=\"Google Gmail\" class=\"heateorSssSharing heateorSssGoogleGmailBackground c6\" onclick=\"heateorSssPopup(\"https:\/\/mail.google.com\/mail\/?ui=2&#038;view=cm&#038;fs=1&#038;tf=1&#038;su=Tunisie%20%E2%80%93%20Vid%C3%A9o%20%3A%20Quid%20du%20stade%C2%A0Chedly-Zouiten%C2%A0%3F&#038;body=Link:https%3A%2F%2Fsport.tunisienumerique.com%2Ftunisie-video-quid-stade-chedly-zouiten%2F\")\">\u00a0<\/em><\/li>\n<li class=\"heateorSssSharingRound\"><em alt=\"Whatsapp\" title=\"Whatsapp\" class=\"heateorSssSharing heateorSssWhatsappBackground c6\"><a href=\"https:\/\/api.whatsapp.com\/send?text=Tunisie%20%E2%80%93%20Vid%C3%A9o%20%3A%20Quid%20du%20stade%C2%A0Chedly-Zouiten%C2%A0%3F%20https%3A%2F%2Fsport.tunisienumerique.com%2Ftunisie-video-quid-stade-chedly-zouiten%2F\" rel=\"nofollow noopener noreferrer\" target=\"_blank\">\u00a0<\/a><\/em><\/li>\n<li class=\"heateorSssSharingRound\">\u00a0<\/li>\n<\/ul>\n<\/div>\n<div class=\"mvp-org-wrap mvp-org-logo\" itemprop=\"publisher\" itemscope=\"\" itemtype=\"https:\/\/schema.org\/Organization\"><img decoding=\"async\" src=\"https:\/\/sport.tunisienumerique.com\/wp-content\/uploads\/2017\/05\/logo_tunisie_numerique.png\"\/><\/div>\n<div class=\"mvp-related-posts left relative\">\n<h4 class=\"post-header\"><span class=\"post-header\">Lire aussi<\/span><\/h4>\n<\/div>\n<p>Auteur: a.<br \/>\n<a href=\"https:\/\/sport.tunisienumerique.com\/tunisie-video-quid-stade-chedly-zouiten\/\">Cliquez ici pour lire l&rsquo;article depuis sa source.<\/a><\/p>\n","protected":false},"excerpt":{"rendered":"<p>Ferm\u00e9 depuis un bon moment, le stade\u00a0Chedly-Zouiten\u00a0sera enfin op\u00e9rationnel\u00a0pour\u00a0accueillir les amateurs\u00a0du\u00a0ballon\u00a0rond.\u00a0\u00a0\u00a0 Les travaux d\u2019am\u00e9nagement effectu\u00e9s ces derniers mois par la municipalit\u00e9 de Tunis (pour notamment installer une cl\u00f4ture de s\u00e9paration entre les gradins et la pelouse) sont termin\u00e9s.\u00a0Le lieu\u00a0pourra accueillir jusqu\u2019\u00e0 18.000 supporter.\u00a0 Dans ce contexte, Imed\u00a0Dabbebi\u00a0conseiller municipal et chef de la commission de la [&hellip;]<\/p>\n","protected":false},"author":1789,"featured_media":68073,"comment_status":"closed","ping_status":"closed","sticky":false,"template":"","format":"standard","meta":{"fifu_image_url":"","fifu_image_alt":"","footnotes":""},"categories":[73,55],"tags":[],"class_list":["post-68072","post","type-post","status-publish","format-standard","has-post-thumbnail","hentry","category-actualite","category-tunisie"],"_links":{"self":[{"href":"https:\/\/linitiative.ca\/International\/wp-json\/wp\/v2\/posts\/68072","targetHints":{"allow":["GET"]}}],"collection":[{"href":"https:\/\/linitiative.ca\/International\/wp-json\/wp\/v2\/posts"}],"about":[{"href":"https:\/\/linitiative.ca\/International\/wp-json\/wp\/v2\/types\/post"}],"author":[{"embeddable":true,"href":"https:\/\/linitiative.ca\/International\/wp-json\/wp\/v2\/users\/1789"}],"replies":[{"embeddable":true,"href":"https:\/\/linitiative.ca\/International\/wp-json\/wp\/v2\/comments?post=68072"}],"version-history":[{"count":0,"href":"https:\/\/linitiative.ca\/International\/wp-json\/wp\/v2\/posts\/68072\/revisions"}],"wp:featuredmedia":[{"embeddable":true,"href":"https:\/\/linitiative.ca\/International\/wp-json\/"}],"wp:attachment":[{"href":"https:\/\/linitiative.ca\/International\/wp-json\/wp\/v2\/media?parent=68072"}],"wp:term":[{"taxonomy":"category","embeddable":true,"href":"https:\/\/linitiative.ca\/International\/wp-json\/wp\/v2\/categories?post=68072"},{"taxonomy":"post_tag","embeddable":true,"href":"https:\/\/linitiative.ca\/International\/wp-json\/wp\/v2\/tags?post=68072"}],"curies":[{"name":"wp","href":"https:\/\/api.w.org\/{rel}","templated":true}]}}