{"id":68083,"date":"2019-11-20T14:21:17","date_gmt":"2019-11-20T19:21:17","guid":{"rendered":"https:\/\/linitiative.ca\/International\/forum-de-dakar-sur-linsecurite-au-sahel\/"},"modified":"2019-11-20T14:21:17","modified_gmt":"2019-11-20T19:21:17","slug":"forum-de-dakar-sur-linsecurite-au-sahel","status":"publish","type":"post","link":"https:\/\/linitiative.ca\/International\/forum-de-dakar-sur-linsecurite-au-sahel\/","title":{"rendered":"FORUM DE DAKAR SUR L\u2019INSECURITE\u00a0 AU SAHEL"},"content":{"rendered":"<div class=\"stream-item stream-item-above-post-content\">\n<p><noscript><\/p>\n<p><a href=\"\/\/www3.smartadserver.com\/ac?jump=1&#038;nwid=2136&#038;siteid=240610&#038;pgname=rg&#038;fmtid=49046&#038;visit=m&#038;tmstp=[timestamp]&#038;out=nonrich\" target=\"_blank\" rel=\"noopener noreferrer\"><img decoding=\"async\" src=\"\/\/www3.smartadserver.com\/ac?out=nonrich&#038;nwid=2136&#038;siteid=240610&#038;pgname=rg&#038;fmtid=49046&#038;visit=m&#038;tmstp=[timestamp]\" border=\"0\" alt=\"\"\/><\/a><\/p>\n<p><\/noscript><\/div>\n<p class=\"c3\">Les lampions de l\u2019\u00e9dition 2019 du Forum de Dakar sur la paix et la s\u00e9curit\u00e9, en Afrique, se sont \u00e9teints le 19 novembre 2019. Deux jours durant, les\u00a0 participants \u00e0 ce rendez-vous au nombre desquels l\u2019on comptait le Premier ministre fran\u00e7ais, Edouard Philippe et le nouveau pr\u00e9sident mauritanien, Mohamed Ould Ghazouani, se sont pench\u00e9s sur le th\u00e8me suivant\u00a0: \u00ab\u00a0<em>Les d\u00e9fis du multilat\u00e9ralisme<\/em> \u00bb. Avant de revenir sur l\u2019une des mesures phares de la rencontre, en l\u2019occurrence le Partenariat pour la s\u00e9curit\u00e9 et la stabilit\u00e9 au Sahel (P3S), l\u2019on peut d\u00e9j\u00e0 se f\u00e9liciter de la tenue de ce forum qui \u00a0est \u00e0 sa sixi\u00e8me \u00e9dition et qui intervient dans un contexte de nouvelle flamb\u00e9e de violences terroristes dans les pays du Sahel, plus particuli\u00e8rement au Mali, au Burkina Faso et au Niger. En rappel, l\u2019id\u00e9e de cette rencontre annuelle est n\u00e9e \u00a0\u00a0du Sommet de l\u2019Elys\u00e9e en 2013, dans la foul\u00e9e de l\u2019Op\u00e9ration Serval, avec pour objectif principal de \u00ab\u00a0 <em>mettre en place, de mani\u00e8re r\u00e9guli\u00e8re, une grande r\u00e9union, avec pour th\u00e8me la d\u00e9fense et la s\u00e9curit\u00e9 en Afrique, \u00e0 l\u2019instar du Shangri-La Dialogue en Asie ou de la r\u00e9union d\u2019Abou Dhabi pour les pays musulmans<\/em>\u00bb.<\/p>\n<p class=\"c3\"><strong>L\u2019objectif affich\u00e9 est une coop\u00e9ration plus \u00e9largie contre les bandes arm\u00e9es<\/strong><\/p>\n<p class=\"c3\"><strong>\u00a0<\/strong><\/p>\n<p class=\"c3\">L\u2019acte I de ce forum strat\u00e9gique avait eu lieu en 2014, ouvrant la voie \u00e0\u00a0 cinq autres \u00e9ditions. Au regard du contexte s\u00e9curitaire r\u00e9gional qui ne cesse d\u2019aller de Charybde en Scylla, cette rencontre que l\u2019on peut inscrire dans la dynamique de la mobilisation tous azimuts des Etats africains et de leurs partenaires contre la prolif\u00e9ration des groupes arm\u00e9s dans la bande sah\u00e9lo-saharienne et de la pr\u00e9vention de l\u2019extr\u00e9misme violent, ne pouvait pas mieux tomber.\u00a0 Dans le m\u00eame ordre d\u2019id\u00e9e, l\u2019on peut aussi saluer le coup de gueule, \u00e0 l\u2019ouverture,\u00a0 de l\u2019h\u00f4te du Forum, le \u00a0pr\u00e9sident Macky Sall. Apr\u00e8s s\u2019\u00eatre interrog\u00e9 sur l\u2019efficacit\u00e9 de la r\u00e9ponse jusque-l\u00e0 apport\u00e9e face au terrorisme, il a r\u00e9it\u00e9r\u00e9 l\u2019appel d\u00e9j\u00e0 entendu sur d\u2019autres tribunes,\u00a0\u00a0 \u00e0 un mandat plus muscl\u00e9 de la mission onusienne au Mali.\u00a0\u00ab\u00a0<em>Avec plus de 14\u00a0000 membres de la Minusma, un peu plus de 5000 du G5 Sahel, plus Barkhane, plus l\u2019arm\u00e9e malienne\u00a0; \u00e7a ne fait pas moins de 30\u00a0000 hommes qui sont sur un th\u00e9\u00e2tre qui est pris en otage par une bande d\u2019individus. C\u2019est un probl\u00e8me. Pourquoi ne sommes-nous pas capables de r\u00e9gler cette affaire\u00a0?\u00a0<\/em>\u00bb, s\u2019est-il interrog\u00e9. La situation du Sahel qui reste un enfer malgr\u00e9 la pr\u00e9sence de plusieurs forces militaires, appelle \u00e0 repenser la lutte contre le terrorisme. C\u2019est dans cette perspective que le Forum de Dakar propose de remettre au go\u00fbt du jour \u00a0une id\u00e9e lanc\u00e9e lors du sommet du G5 Sahel \u00e0 Biarritz, qui consiste \u00e0 \u00a0\u00e9largir le dispositif de lutte contre le terrorisme \u00e0 un outil baptis\u00e9 <em>\u00ab\u00a0P3S\u00a0\u00bb<\/em> (Partenariat pour la S\u00e9curit\u00e9 et la Stabilit\u00e9 au Sahel). Si, pour l\u2019instant, les contours de ce nouvel outil restent \u00e0 dessiner, l\u2019on sait que l\u2019objectif affich\u00e9 est une coop\u00e9ration plus \u00e9largie contre les bandes arm\u00e9es, \u00e0 laquelle devraient \u00eatre associ\u00e9s, en plus des Etats du Sahel qui sont dans l\u2019\u0153il du cyclone, des pays c\u00f4tiers comme la C\u00f4te d\u2019Ivoire ou le B\u00e9nin, pour ne citer que ces deux. L\u2019objectif est d\u2019accro\u00eetre davantage les capacit\u00e9s op\u00e9rationnelles des partenaires engag\u00e9s contre le ph\u00e9nom\u00e8ne en mobilisant toujours plus de ressources humaines, mat\u00e9rielles et financi\u00e8res.<\/p>\n<p class=\"c3\"><strong>On peut se demander\u00a0 si l\u2019arriv\u00e9e annonc\u00e9e du P3S, prend en compte la \u00a0clameur des populations<\/strong><\/p>\n<p class=\"c3\">Cela dit, l\u2019arriv\u00e9e annonc\u00e9e de ce nouveau-n\u00e9, ne \u00a0manque pas de susciter des interrogations. La premi\u00e8re est la suivante : que peut apporter le P3S de plus que ses devanciers dans l\u2019ar\u00e8ne des combats ? La question n\u2019est pas saugrenue dans la mesure o\u00f9 les forces se multiplient sans parvenir \u00e0 porter l\u2019estocade \u00e0 l\u2019hydre qui semble m\u00eame retrouver une nouvelle jeunesse. A titre illustratif, alors que les sp\u00e9cialistes estiment \u00e0 environ 4000, le nombre des combattants arm\u00e9s affili\u00e9s aux groupes terroristes dans le Sahel, la derni\u00e8re op\u00e9ration conjointe qui a mobilis\u00e9 1400 soldats des arm\u00e9es burkinab\u00e8 et malienne et la force Barkhane, n\u2019a eu pour r\u00e9sultats que la mise hors d\u2019\u00e9tat de nuire de 24 djihadistes. Une autre question que l\u2019on peut se poser porte sur la coordination entre la multiplicit\u00e9 des acteurs intervenant dans la m\u00eame cha\u00eene. Cette question est aussi s\u00e9rieuse dans la mesure o\u00f9 l\u2019on assiste d\u00e9j\u00e0 \u00e0 une communication qui laisse entrevoir des divergences entre les diff\u00e9rentes forces combattantes. C\u2019est le cas de cette lettre fuit\u00e9e de l\u2019Etat-major de l\u2019arm\u00e9e burkinab\u00e8 aux attach\u00e9s militaires de l\u2019ambassade de France, relative \u00e0 des a\u00e9ronefs qui survolent, sans autorisation, les positions militaires burkinab\u00e8. C\u2019est le cas aussi de cette autre correspondance fuit\u00e9e du ministre de la D\u00e9fense burkinab\u00e8, relative \u00e0 des exactions pr\u00e9sum\u00e9es des Forces arm\u00e9es maliennes (FAMA) sur des populations frontali\u00e8res du Burkina Faso. Enfin, l\u2019on peut se demander \u00a0si l\u2019arriv\u00e9e annonc\u00e9e du P3S, prend en compte la \u00a0clameur des populations qui monte contre la pr\u00e9sence des troupes \u00e9trang\u00e8res en Afrique. ,Toutes ces interrogations laissent percevoir un sentiment de pessimisme face \u00e0 ce nouvel outil dont la coloration francophone, \u00e0 elle seule, suscite d\u00e9j\u00e0 des inqui\u00e9tudes dans un contexte o\u00f9 se d\u00e9veloppe un sentiment anti-fran\u00e7ais.,En attendant donc de voir l\u2019op\u00e9rationnalisation du P3S, l\u2019on ne peut que conseiller aux pays frapp\u00e9s de plein fouet par le terrorisme, de compter d\u2019abord sur eux-m\u00eames en op\u00e9rant les mues n\u00e9cessaires de leurs arm\u00e9es respectives pour mieux r\u00e9pondre \u00e0 la menace et en mettant en \u0153uvre des politiques de d\u00e9veloppement plus inclusives pour les jeunes en vue de tarir les sources de recrutement des djihadistes.<\/p>\n<p><strong><em>\u00ab\u00a0 Le Pays\u00a0\u00bb \u00a0\u00a0\u00a0<\/em><\/strong><\/p>\n<p>Auteur: Le Pays<br \/>\n<a href=\"http:\/\/lepays.bf\/forum-de-dakar-sur-linsecurite-au-sahel-2\/\">Cliquez ici pour lire l&rsquo;article depuis sa source.<\/a><\/p>\n","protected":false},"excerpt":{"rendered":"<p>Les lampions de l\u2019\u00e9dition 2019 du Forum de Dakar sur la paix et la s\u00e9curit\u00e9, en Afrique, se sont \u00e9teints le 19 novembre 2019. Deux jours durant, les\u00a0 participants \u00e0 ce rendez-vous au nombre desquels l\u2019on comptait le Premier ministre fran\u00e7ais, Edouard Philippe et le nouveau pr\u00e9sident mauritanien, Mohamed Ould Ghazouani, se sont pench\u00e9s sur [&hellip;]<\/p>\n","protected":false},"author":1813,"featured_media":0,"comment_status":"closed","ping_status":"closed","sticky":false,"template":"","format":"standard","meta":{"fifu_image_url":"","fifu_image_alt":"","footnotes":""},"categories":[73,81],"tags":[],"class_list":["post-68083","post","type-post","status-publish","format-standard","hentry","category-actualite","category-burkina-faso"],"_links":{"self":[{"href":"https:\/\/linitiative.ca\/International\/wp-json\/wp\/v2\/posts\/68083","targetHints":{"allow":["GET"]}}],"collection":[{"href":"https:\/\/linitiative.ca\/International\/wp-json\/wp\/v2\/posts"}],"about":[{"href":"https:\/\/linitiative.ca\/International\/wp-json\/wp\/v2\/types\/post"}],"author":[{"embeddable":true,"href":"https:\/\/linitiative.ca\/International\/wp-json\/wp\/v2\/users\/1813"}],"replies":[{"embeddable":true,"href":"https:\/\/linitiative.ca\/International\/wp-json\/wp\/v2\/comments?post=68083"}],"version-history":[{"count":0,"href":"https:\/\/linitiative.ca\/International\/wp-json\/wp\/v2\/posts\/68083\/revisions"}],"wp:attachment":[{"href":"https:\/\/linitiative.ca\/International\/wp-json\/wp\/v2\/media?parent=68083"}],"wp:term":[{"taxonomy":"category","embeddable":true,"href":"https:\/\/linitiative.ca\/International\/wp-json\/wp\/v2\/categories?post=68083"},{"taxonomy":"post_tag","embeddable":true,"href":"https:\/\/linitiative.ca\/International\/wp-json\/wp\/v2\/tags?post=68083"}],"curies":[{"name":"wp","href":"https:\/\/api.w.org\/{rel}","templated":true}]}}