{"id":68084,"date":"2019-11-20T14:25:12","date_gmt":"2019-11-20T19:25:12","guid":{"rendered":"https:\/\/linitiative.ca\/International\/retour-au-bercail-de-yayi-boni\/"},"modified":"2019-11-20T14:25:12","modified_gmt":"2019-11-20T19:25:12","slug":"retour-au-bercail-de-yayi-boni","status":"publish","type":"post","link":"https:\/\/linitiative.ca\/International\/retour-au-bercail-de-yayi-boni\/","title":{"rendered":"RETOUR AU BERCAIL DE YAYI BONI"},"content":{"rendered":"<div class=\"stream-item stream-item-above-post-content\">\n<p><noscript><\/p>\n<p><a href=\"\/\/www3.smartadserver.com\/ac?jump=1&#038;nwid=2136&#038;siteid=240610&#038;pgname=rg&#038;fmtid=49046&#038;visit=m&#038;tmstp=[timestamp]&#038;out=nonrich\" target=\"_blank\" rel=\"noopener noreferrer\"><img decoding=\"async\" src=\"\/\/www3.smartadserver.com\/ac?out=nonrich&#038;nwid=2136&#038;siteid=240610&#038;pgname=rg&#038;fmtid=49046&#038;visit=m&#038;tmstp=[timestamp]\" border=\"0\" alt=\"\"\/><\/a><\/p>\n<p><\/noscript><\/div>\n<p class=\"c3\">Sous bonne escorte, l\u2019ex-pr\u00e9sident b\u00e9ninois est rentr\u00e9 hier au bercail. Craignant pour sa s\u00e9curit\u00e9, Boni Yayi a souhait\u00e9 se faire accompagner par une d\u00e9l\u00e9gation conduite par l\u2019ancien pr\u00e9sident nig\u00e9rian, Abdulsalami Abubakar. A l\u2019\u00e9poque, tr\u00e8s mal en point, l\u2019ancien dirigeant du B\u00e9nin avait finalement eu une autorisation de sortie du territoire pour des raisons de sant\u00e9. De graves ennuis de sant\u00e9 qui n\u2019\u00e9taient pas \u00e9trangers \u00e0 ses d\u00e9m\u00eal\u00e9s avec le pouvoir en place, apr\u00e8s qu\u2019il s\u2019est farouchement oppos\u00e9, \u00e0 l\u2019image de bien d\u2019autres opposants, \u00e0 l\u2019organisation des \u00e9lections l\u00e9gislatives d\u2019avril 2019. La suite, on la conna\u00eet\u00a0: la gouvernance d\u00e9cri\u00e9e de son successeur avait fait plonger le B\u00e9nin dans une vague de violence inou\u00efe, plus particuli\u00e8rement dans la ville natale de Yayi Boni\u00a0; ce qui avait conduit \u00e0 de nombreux morts. Quant \u00e0 celui qui avait pr\u00e9sid\u00e9 aux destin\u00e9es du B\u00e9nin, d\u2019avril 2006 \u00e0 avril 2016, il avait d\u00fb passer une cinquantaine de jours, reclus dans sa r\u00e9sidence de Cadjehoun \u00e0 Cotonou, face \u00e0 un dispositif s\u00e9curitaire impressionnant et particuli\u00e8rement r\u00e9pressif. Au point qu\u2019il avait craint pour son int\u00e9grit\u00e9 physique. Mais tout cela rel\u00e8ve \u00e0 pr\u00e9sent du pass\u00e9, \u00e0 la faveur de loi d\u2019amnistie g\u00e9n\u00e9rale que l\u2019actuel dirigeant a promulgu\u00e9e le 7 novembre dernier. C\u2019est dans ce cadre qu\u2019il a donn\u00e9 son accord pour le retour au pays, de son ancien ennemi jur\u00e9 ainsi que pour la lib\u00e9ration d\u2019une soixantaine de prisonniers politiques.<\/p>\n<p><strong>Le pr\u00e9sident Patrice Talon devrait plut\u00f4t s\u2019inscrire dans une dynamique de sauvetage de la d\u00e9mocratie b\u00e9ninoise<\/strong><\/p>\n<p class=\"c3\"><em>Maintenant qu\u2019il est de retour au pays, le natif de Tchaourou se rendra-t-il au bureau du juge, comme il avait promis de le faire\u00a0? En attendant d\u2019en savoir un peu plus, on peut d\u2019ores et d\u00e9j\u00e0, saluer ce retour qui devrait participer \u00e0 la d\u00e9crispation du climat socio-politique au B\u00e9nin. Mais, l\u2019arbre ne doit pas cacher la for\u00eat. Car, on le sait, le probl\u00e8me du B\u00e9nin est profond et ne trouvera pas de solution seulement dans un geste de mansu\u00e9tude de la part du prince r\u00e9gnant. Et ce probl\u00e8me\u00a0est aussi visible que le nez au milieu de la figure\u00a0: la d\u00e9mocratie du B\u00e9nin en son \u00e9tat actuel. En tout cas, le retour de l\u2019illustre personnalit\u00e9, pas plus que la loi d\u2019amnistie promulgu\u00e9e, ne saurait \u00eatre consid\u00e9r\u00e9 comme une avanc\u00e9e d\u00e9mocratique pour le r\u00e9gime. Pour autant qu\u2019il veuille r\u00e9ellement aplanir les tensions politiques et sociales n\u00e9es de sa volont\u00e9 de concentrer entre ses mains, tous les pouvoirs via un Parlement monocolore et taill\u00e9 \u00e0 la mesure de ses ambitions, le pr\u00e9sident Patrice Talon devrait plut\u00f4t s\u2019inscrire dans une dynamique de sauvetage de la d\u00e9mocratie b\u00e9ninoise aujourd\u2019hui \u00e0 la peine. En tout \u00e9tat de cause, il parait pour le moins \u00e9vident qu\u2019une Assembl\u00e9e nationale aux ordres et tenant lieu de caisse de r\u00e9sonnance de l\u2019Ex\u00e9cutif, ne peut rien apporter de bon \u00e0 la d\u00e9mocratie. C\u2019est dire si le Cr\u00e9sus b\u00e9ninois doit se r\u00e9soudre \u00e0 descendre de son pi\u00e9destal pour prendre la mesure du recul qu\u2019il a fait subir \u00e0 la d\u00e9mocratie dans son pays, et \u00e0 travailler surtout \u00e0 la propulser au moins \u00e0 son niveau ante qui faisait la fiert\u00e9 du B\u00e9nin et de tout le continent.<\/em><\/p>\n<p><strong>\u00ab\u00a0Le Pays\u00a0\u00bb<\/strong><\/p>\n<p>Auteur: Le Pays<br \/>\n<a href=\"http:\/\/lepays.bf\/retour-au-bercail-de-yayi-boni\/\">Cliquez ici pour lire l&rsquo;article depuis sa source.<\/a><\/p>\n","protected":false},"excerpt":{"rendered":"<p>Sous bonne escorte, l\u2019ex-pr\u00e9sident b\u00e9ninois est rentr\u00e9 hier au bercail. Craignant pour sa s\u00e9curit\u00e9, Boni Yayi a souhait\u00e9 se faire accompagner par une d\u00e9l\u00e9gation conduite par l\u2019ancien pr\u00e9sident nig\u00e9rian, Abdulsalami Abubakar. A l\u2019\u00e9poque, tr\u00e8s mal en point, l\u2019ancien dirigeant du B\u00e9nin avait finalement eu une autorisation de sortie du territoire pour des raisons de sant\u00e9. [&hellip;]<\/p>\n","protected":false},"author":1813,"featured_media":0,"comment_status":"closed","ping_status":"closed","sticky":false,"template":"","format":"standard","meta":{"fifu_image_url":"","fifu_image_alt":"","footnotes":""},"categories":[73,81],"tags":[],"class_list":["post-68084","post","type-post","status-publish","format-standard","hentry","category-actualite","category-burkina-faso"],"_links":{"self":[{"href":"https:\/\/linitiative.ca\/International\/wp-json\/wp\/v2\/posts\/68084","targetHints":{"allow":["GET"]}}],"collection":[{"href":"https:\/\/linitiative.ca\/International\/wp-json\/wp\/v2\/posts"}],"about":[{"href":"https:\/\/linitiative.ca\/International\/wp-json\/wp\/v2\/types\/post"}],"author":[{"embeddable":true,"href":"https:\/\/linitiative.ca\/International\/wp-json\/wp\/v2\/users\/1813"}],"replies":[{"embeddable":true,"href":"https:\/\/linitiative.ca\/International\/wp-json\/wp\/v2\/comments?post=68084"}],"version-history":[{"count":0,"href":"https:\/\/linitiative.ca\/International\/wp-json\/wp\/v2\/posts\/68084\/revisions"}],"wp:attachment":[{"href":"https:\/\/linitiative.ca\/International\/wp-json\/wp\/v2\/media?parent=68084"}],"wp:term":[{"taxonomy":"category","embeddable":true,"href":"https:\/\/linitiative.ca\/International\/wp-json\/wp\/v2\/categories?post=68084"},{"taxonomy":"post_tag","embeddable":true,"href":"https:\/\/linitiative.ca\/International\/wp-json\/wp\/v2\/tags?post=68084"}],"curies":[{"name":"wp","href":"https:\/\/api.w.org\/{rel}","templated":true}]}}