{"id":68085,"date":"2019-11-20T14:33:47","date_gmt":"2019-11-20T19:33:47","guid":{"rendered":"https:\/\/linitiative.ca\/International\/echec-du-dialogue-politique-au-togo\/"},"modified":"2019-11-20T14:33:47","modified_gmt":"2019-11-20T19:33:47","slug":"echec-du-dialogue-politique-au-togo","status":"publish","type":"post","link":"https:\/\/linitiative.ca\/International\/echec-du-dialogue-politique-au-togo\/","title":{"rendered":"ECHEC DU DIALOGUE POLITIQUE AU TOGO"},"content":{"rendered":"<div class=\"stream-item stream-item-above-post-content\">\n<p><noscript><\/p>\n<p><a href=\"\/\/www3.smartadserver.com\/ac?jump=1&#038;nwid=2136&#038;siteid=240610&#038;pgname=rg&#038;fmtid=49046&#038;visit=m&#038;tmstp=[timestamp]&#038;out=nonrich\" target=\"_blank\" rel=\"noopener noreferrer\"><img decoding=\"async\" src=\"\/\/www3.smartadserver.com\/ac?out=nonrich&#038;nwid=2136&#038;siteid=240610&#038;pgname=rg&#038;fmtid=49046&#038;visit=m&#038;tmstp=[timestamp]\" border=\"0\" alt=\"\"\/><\/a><\/p>\n<p><\/noscript><\/div>\n<p class=\"c3\"><em>Les dialogues politiques se suivent et se ressemblent au Togo. Ils d\u00e9bouchent, le plus souvent, sur un \u00e9chec ; tant les deux parties (pouvoir et opposition) restent camp\u00e9es sur leur position. En tout cas, c\u2019est le m\u00eame constat qui vient d\u2019\u00eatre fait lorsque, r\u00e9unis le 19 novembre dernier, le pouvoir et l\u2019opposition qui devaient \u00e9changer autour de la pr\u00e9sidentielle de 2020, se sont quitt\u00e9s sur un constat d\u2019\u00e9chec. En effet, aussit\u00f4t l\u2019agenda de la rencontre d\u00e9roul\u00e9, trois opposants et non des moindres que sont Yaovi Agboyibor du CAR, Jean-Pierre Fabre de l\u2019ANC et Brigitte Kafui Adjamagbo Johnson de la CDPA, ont claqu\u00e9 la porte. Ils estiment que le pouvoir ne fait montre d\u2019aucune volont\u00e9 d\u2019ouverture pour une \u00e9lection consensuelle et transparente. Morceau choisi : \u00ab En ce qui concerne la Cour constitutionnelle, nous disons que, pour le moment, sa composition actuelle viole la Constitution telle que r\u00e9vis\u00e9e le 8 mai 2018. Il y a tout un ensemble de pr\u00e9occupations dont le r\u00e8glement permettra l\u2019am\u00e9lioration du cadre \u00e9lectoral \u00bb, a d\u00e9taill\u00e9 le chef de file de l\u2019opposition togolaise, Jean Pierre Fabre. Le moins que l\u2019on puisse dire, c\u2019est que l\u2019\u00e9chec de ce dialogue politique rendu possible par le clerg\u00e9, \u00e9tait pr\u00e9visible ; tant le gouvernement togolais, on le sait, n\u2019est pas pr\u00eat \u00e0 faire la moindre concession. Il est dans une logique de confiscation du pouvoir.\u00a0<\/em> <em>En r\u00e9alit\u00e9, la perche qu\u2019il avait tendue \u00e0 l\u2019opposition en l\u2019invitant \u00e0 un dialogue politique aux fins de discuter autour de l\u2019organisation des\u00a0<\/em> <em>prochaines \u00e9lections, n\u2019\u00e9taient ni plus ni moins qu\u2019une diversion visant \u00e0 gagner du temps. Du reste, on se demande bien de quoi pouvait accoucher ce nouveau round quand on sait qu\u2019en d\u00e9pit de la clameur qui monte, le pr\u00e9sident Faure Gnassingb\u00e9 compte briguer un nouveau mandat. En clair donc, pendant que l\u2019opposition rue dans les brancards, Gnassingb\u00e9 fils, lui, avance sereinement, convaincu qu\u2019il aura tout le monde \u00e0 l\u2019usure.<\/em><\/p>\n<p><strong>L\u2019opposition togolaise donne l\u2019impression d\u2019avoir perdu la lutte<\/strong><\/p>\n<p class=\"c3\"><em>Ce faisant, il multiplie les coups bas contre la d\u00e9mocratie face malheureusement \u00e0 des opposants dont certains n\u2019h\u00e9sitent pas \u00e0 retourner leur veste devant les esp\u00e8ces sonnantes et tr\u00e9buchantes. C\u2019est le cas, par exemple, de Gilchrist Olympio, pour ne pas le nommer, qui a d\u00e9sormais la bouche pleine au point qu\u2019il est devenu aphone. En tout cas, \u00e0 l\u2019allure o\u00f9 vont les choses, l\u2019opposition togolaise donne l\u2019impression d\u2019avoir perdu la lutte\u00a0; tant elle est gagn\u00e9e par de graves divisions internes qui ne font que profiter au pouvoir. A preuve, pendant que ses coll\u00e8gues de l\u2019opposition quittaient la salle o\u00f9 se tenait la rencontre entre les d\u00e9l\u00e9gations du pouvoir et de l\u2019opposition, un autre opposant en la personne de Gabriel Agb\u00e9yom\u00e9 Kodjo du MPDD, a d\u00e9cid\u00e9 d\u2019y rester jusqu\u2019au bout. Et ce n\u2019est pas tout. Il dit m\u00eame regretter l\u2019attitude de ses camarades de lutte qui, selon lui, font preuve de jusqu\u2019au-boutisme. Voyez-vous\u00a0? L\u2019opposition togolaise doit s\u2019en prendre \u00e0 elle-m\u00eame pour n\u2019avoir pas su man\u0153uvrer pour provoquer l\u2019alternance. Et l\u2019une de ses erreurs a \u00e9t\u00e9 d\u2019avoir cru en la bonne foi des m\u00e9diateurs de la Communaut\u00e9 \u00e9conomique des Etats de l\u2019Afrique de l\u2019Ouest (CEDEAO) avec en t\u00eate le Guin\u00e9en Alpha Cond\u00e9 qui, en r\u00e9alit\u00e9, nourrissait les m\u00eames ambitions monarchiques que Faure. Et c\u2019est peu dire\u00a0!<\/em><\/p>\n<p><strong>Boundi OUOBA<\/strong><\/p>\n<p>Auteur: Le Pays<br \/>\n<a href=\"http:\/\/lepays.bf\/echec-du-dialogue-politique-au-togo\/\">Cliquez ici pour lire l&rsquo;article depuis sa source.<\/a><\/p>\n","protected":false},"excerpt":{"rendered":"<p>Les dialogues politiques se suivent et se ressemblent au Togo. Ils d\u00e9bouchent, le plus souvent, sur un \u00e9chec ; tant les deux parties (pouvoir et opposition) restent camp\u00e9es sur leur position. En tout cas, c\u2019est le m\u00eame constat qui vient d\u2019\u00eatre fait lorsque, r\u00e9unis le 19 novembre dernier, le pouvoir et l\u2019opposition qui devaient \u00e9changer [&hellip;]<\/p>\n","protected":false},"author":1813,"featured_media":0,"comment_status":"closed","ping_status":"closed","sticky":false,"template":"","format":"standard","meta":{"fifu_image_url":"","fifu_image_alt":"","footnotes":""},"categories":[73,81],"tags":[],"class_list":["post-68085","post","type-post","status-publish","format-standard","hentry","category-actualite","category-burkina-faso"],"_links":{"self":[{"href":"https:\/\/linitiative.ca\/International\/wp-json\/wp\/v2\/posts\/68085","targetHints":{"allow":["GET"]}}],"collection":[{"href":"https:\/\/linitiative.ca\/International\/wp-json\/wp\/v2\/posts"}],"about":[{"href":"https:\/\/linitiative.ca\/International\/wp-json\/wp\/v2\/types\/post"}],"author":[{"embeddable":true,"href":"https:\/\/linitiative.ca\/International\/wp-json\/wp\/v2\/users\/1813"}],"replies":[{"embeddable":true,"href":"https:\/\/linitiative.ca\/International\/wp-json\/wp\/v2\/comments?post=68085"}],"version-history":[{"count":0,"href":"https:\/\/linitiative.ca\/International\/wp-json\/wp\/v2\/posts\/68085\/revisions"}],"wp:attachment":[{"href":"https:\/\/linitiative.ca\/International\/wp-json\/wp\/v2\/media?parent=68085"}],"wp:term":[{"taxonomy":"category","embeddable":true,"href":"https:\/\/linitiative.ca\/International\/wp-json\/wp\/v2\/categories?post=68085"},{"taxonomy":"post_tag","embeddable":true,"href":"https:\/\/linitiative.ca\/International\/wp-json\/wp\/v2\/tags?post=68085"}],"curies":[{"name":"wp","href":"https:\/\/api.w.org\/{rel}","templated":true}]}}