{"id":68086,"date":"2019-11-20T14:36:20","date_gmt":"2019-11-20T19:36:20","guid":{"rendered":"https:\/\/linitiative.ca\/International\/68086-2\/"},"modified":"2019-11-20T14:36:20","modified_gmt":"2019-11-20T19:36:20","slug":"68086-2","status":"publish","type":"post","link":"https:\/\/linitiative.ca\/International\/68086-2\/","title":{"rendered":""},"content":{"rendered":"<div class=\"featured-area featured-area-inner\"><img loading=\"lazy\" decoding=\"async\" width=\"780\" height=\"436\" src=\"http:\/\/lepays.bf\/wp-content\/uploads\/2017\/07\/lepaysresponsive.png\" class=\"attachment-jannah-image-post default-featured-img\" alt=\"\" srcset=\"http:\/\/lepays.bf\/wp-content\/uploads\/2017\/07\/lepaysresponsive.png 1137w, http:\/\/lepays.bf\/wp-content\/uploads\/2017\/07\/lepaysresponsive-300x168.png 300w, http:\/\/lepays.bf\/wp-content\/uploads\/2017\/07\/lepaysresponsive-768x430.png 768w, http:\/\/lepays.bf\/wp-content\/uploads\/2017\/07\/lepaysresponsive-1024x573.png 1024w\" sizes=\"auto, (max-width: 780px) 100vw, 780px\"\/><\/div>\n<div class=\"entry-content entry clearfix\" readability=\"61\">\n<div class=\"stream-item stream-item-above-post-content\">\n<p><noscript><\/p>\n<p><a href=\"\/\/www3.smartadserver.com\/ac?jump=1&#038;nwid=2136&#038;siteid=240610&#038;pgname=rg&#038;fmtid=49046&#038;visit=m&#038;tmstp=[timestamp]&#038;out=nonrich\" target=\"_blank\" rel=\"noopener noreferrer\"><img decoding=\"async\" src=\"\/\/www3.smartadserver.com\/ac?out=nonrich&#038;nwid=2136&#038;siteid=240610&#038;pgname=rg&#038;fmtid=49046&#038;visit=m&#038;tmstp=[timestamp]\" border=\"0\" alt=\"\"\/><\/a><\/p>\n<p><\/noscript><\/div>\n<p><strong>COUP DE C\u0152UR<\/strong><\/p>\n<p><strong>\u00a0<\/strong><strong>Neutralisation de terroristes au Burkina\u00a0: bravo aux Forces arm\u00e9es nationales\u00a0!<\/strong><\/p>\n<p><strong>\u00a0<\/strong><\/p>\n<p class=\"c3\">Dans le cadre de la s\u00e9curisation du territoire, les Forces arm\u00e9es nationales (FAN) ont lanc\u00e9 une offensive contre les groupes arm\u00e9s dans le Nord du pays, dans la nuit du 15 au 16 novembre 2019. L\u2019op\u00e9ration a permis de neutraliser une trentaine de terroristes. Le moins que l\u2019on puisse dire, c\u2019est qu\u2019il s\u2019agit l\u00e0 d\u2019une op\u00e9ration de salubrit\u00e9 publique qui, on l\u2019esp\u00e8re, s\u2019inscrira dans la dur\u00e9e. Car, comme le dit l\u2019adage, \u00ab\u00a0<em>la meilleure d\u00e9fense, c\u2019est l\u2019attaque\u00a0<\/em>\u00bb. Bravo donc aux FAN qui, en d\u00e9pit de l\u2019hostilit\u00e9 grandissante, n\u2019ont de cesse de se battre pour sauvegarder l\u2019int\u00e9grit\u00e9 de notre territoire.<\/p>\n<p><strong>COUP DE GUEULE<\/strong><\/p>\n<p><strong>\u00a0<\/strong><\/p>\n<p><strong>Survol du territoire burkinab\u00e8\u00a0: d\u2019o\u00f9 viennent ces avions espions\u00a0?<\/strong><\/p>\n<p><strong>\u00a0<\/strong><\/p>\n<p class=\"c3\">La nouvelle a fait le <em>buzz<\/em> sur les r\u00e9seaux sociaux. En effet, selon la hi\u00e9rarchie militaire, depuis un certain temps, des a\u00e9ronefs non identifi\u00e9s survolent les bases d\u2019op\u00e9ration de nos troupes d\u00e9ploy\u00e9es sur le terrain. D\u2019o\u00f9 viennent ces a\u00e9ronefs\u00a0? Que cherchent-ils\u00a0? Autant de questions que l\u2019on se pose. Tout se passe, en effet, comme si certains pays tirent profit de la crise s\u00e9curitaire que vit notre pays si fait qu\u2019ils en rajoutent \u00e0 la situation. On est en droit de le penser quand on sait qu\u2019un avion n\u2019a pas le droit de survoler un pays sans en informer au pr\u00e9alable les autorit\u00e9s. En tout cas, il faut \u00ab\u00a0<em>quitter dans \u00e7a\u00a0<\/em>\u00bb, pour parler comme nos amis ivoiriens.<\/p>\n<p><strong>\u00a0<\/strong><\/p>\n<\/div>\n<p>Auteur: Le Pays<br \/>\n<a href=\"http:\/\/lepays.bf\/65729-2\/\">Cliquez ici pour lire l&rsquo;article depuis sa source.<\/a><\/p>\n","protected":false},"excerpt":{"rendered":"<p>COUP DE C\u0152UR \u00a0Neutralisation de terroristes au Burkina\u00a0: bravo aux Forces arm\u00e9es nationales\u00a0! \u00a0 Dans le cadre de la s\u00e9curisation du territoire, les Forces arm\u00e9es nationales (FAN) ont lanc\u00e9 une offensive contre les groupes arm\u00e9s dans le Nord du pays, dans la nuit du 15 au 16 novembre 2019. L\u2019op\u00e9ration a permis de neutraliser une [&hellip;]<\/p>\n","protected":false},"author":1813,"featured_media":68087,"comment_status":"closed","ping_status":"closed","sticky":false,"template":"","format":"standard","meta":{"fifu_image_url":"","fifu_image_alt":"","footnotes":""},"categories":[73,81],"tags":[],"class_list":["post-68086","post","type-post","status-publish","format-standard","has-post-thumbnail","hentry","category-actualite","category-burkina-faso"],"_links":{"self":[{"href":"https:\/\/linitiative.ca\/International\/wp-json\/wp\/v2\/posts\/68086","targetHints":{"allow":["GET"]}}],"collection":[{"href":"https:\/\/linitiative.ca\/International\/wp-json\/wp\/v2\/posts"}],"about":[{"href":"https:\/\/linitiative.ca\/International\/wp-json\/wp\/v2\/types\/post"}],"author":[{"embeddable":true,"href":"https:\/\/linitiative.ca\/International\/wp-json\/wp\/v2\/users\/1813"}],"replies":[{"embeddable":true,"href":"https:\/\/linitiative.ca\/International\/wp-json\/wp\/v2\/comments?post=68086"}],"version-history":[{"count":0,"href":"https:\/\/linitiative.ca\/International\/wp-json\/wp\/v2\/posts\/68086\/revisions"}],"wp:featuredmedia":[{"embeddable":true,"href":"https:\/\/linitiative.ca\/International\/wp-json\/"}],"wp:attachment":[{"href":"https:\/\/linitiative.ca\/International\/wp-json\/wp\/v2\/media?parent=68086"}],"wp:term":[{"taxonomy":"category","embeddable":true,"href":"https:\/\/linitiative.ca\/International\/wp-json\/wp\/v2\/categories?post=68086"},{"taxonomy":"post_tag","embeddable":true,"href":"https:\/\/linitiative.ca\/International\/wp-json\/wp\/v2\/tags?post=68086"}],"curies":[{"name":"wp","href":"https:\/\/api.w.org\/{rel}","templated":true}]}}