{"id":68089,"date":"2019-11-20T15:09:31","date_gmt":"2019-11-20T20:09:31","guid":{"rendered":"https:\/\/linitiative.ca\/International\/travail-parlementaire-alassane-bala-sakande-salue-la-contribution-de-la-nafa\/"},"modified":"2019-11-20T15:09:31","modified_gmt":"2019-11-20T20:09:31","slug":"travail-parlementaire-alassane-bala-sakande-salue-la-contribution-de-la-nafa","status":"publish","type":"post","link":"https:\/\/linitiative.ca\/International\/travail-parlementaire-alassane-bala-sakande-salue-la-contribution-de-la-nafa\/","title":{"rendered":"Travail parlementaire Alassane Bala Sakand\u00e9 salue  la contribution de la NAFA"},"content":{"rendered":"<div class=\"td-post-featured-image\"><a href=\"https:\/\/i0.wp.com\/www.sidwaya.info\/wp-content\/uploads\/2019\/11\/balaan21.gif?fit=787%2C354&#038;ssl=1\" data-caption=\"\"><img loading=\"lazy\" decoding=\"async\" width=\"696\" height=\"313\" class=\"entry-thumb td-modal-image\" src=\"https:\/\/i0.wp.com\/www.sidwaya.info\/wp-content\/uploads\/2019\/11\/balaan21.gif?resize=696%2C313&#038;ssl=1\" alt=\"\" title=\"balaan21\"\/><\/a><\/div>\n<p><strong>Le pr\u00e9sident de l\u2019Assembl\u00e9e nationale, Alassane Bala Sakand\u00e9, a rendu visite aux responsables de la Nouvelle alliance du Faso (NAFA), le mercredi 20 novembre 2019 au si\u00e8ge du parti \u00e0 Ouagadougou.<\/strong><\/p>\n<p>Apr\u00e8s l\u2019Alliance pour la d\u00e9mocratie et la f\u00e9d\u00e9ration\/Rassemblement d\u00e9mocratique africain (ADF-RDA) la semaine derni\u00e8re, ce fut le tour de la Nouvelle alliance du Faso (NAFA) de recevoir la visite du pr\u00e9sident de l\u2019Assembl\u00e9e nationale, Alassane Bala Sakand\u00e9, hier mercredi 20 novembre 2019 \u00e0 son si\u00e8ge. Pour le chef du Parlement, cette visite au si\u00e8ge de la NAFA s\u2019inscrit dans une nouvelle dynamique engag\u00e9e \u00e0 l\u2019Assembl\u00e9e nationale, \u00e0 savoir rendre visite \u00e0 tous les partis politiques, repr\u00e9sent\u00e9s au sein de son institution, qu\u2019ils soient de la majorit\u00e9 ou de l\u2019opposition. Ainsi, d\u2019autres sorties ont d\u00e9j\u00e0 \u00e9t\u00e9 effectu\u00e9es dans les si\u00e8ges de l\u2019Union pour le progr\u00e8s et le changement (UPC) et le Congr\u00e8s pour la d\u00e9mocratie et le progr\u00e8s (CDP). \u00abLa rencontre nous a permis de d\u00e9couvrir les locaux de la NAFA et les conditions dans lesquelles les responsables travaillent. Cela a \u00e9galement \u00e9t\u00e9 une occasion pour nous de rendre compte au secr\u00e9taire ex\u00e9cutif national de la NAFA de la contribution des d\u00e9put\u00e9s de son parti au travail parlementaire et l\u2019animation du d\u00e9bat d\u00e9mocratique\u00bb, a fait savoir M. Sakand\u00e9. De l\u2019avis de ce dernier, le parti compte seulement deux d\u00e9put\u00e9s \u00e0 l\u2019Assembl\u00e9e nationale parmi les 127 d\u00e9put\u00e9s, mais leur participation est remarquable. Et d\u2019ajouter qu\u2019en tant chef du Parlement, il \u00e9tait important pour lui de venir le signifier de vive voix au bureau national de la NAFA.<br \/>La situation nationale marqu\u00e9e par des attaques terroristes \u00e0 r\u00e9p\u00e9tition n\u2019a pas \u00e9t\u00e9 occult\u00e9e au cours des \u00e9changes avec les responsables de la NAFA. Sur ce sujet, Alassane Bala Sakand\u00e9 a pr\u00each\u00e9 un message en faveur de la paix et de la coh\u00e9sion sociale : \u00abNous devons nous engager pour d\u00e9fendre les valeurs du vivre-ensemble et construire le Burkina Faso dans la coh\u00e9sion et l\u2019union des fils et filles\u00bb.<\/p>\n<p>\u00abNous sommes des adversaires politiques\u00bb<\/p>\n<p>C\u2019est parce que le Burkina connait une paix relative, a-t-il poursuivi, que nous parlons de politique, opposition comme majorit\u00e9. \u00ab Faisons donc en sorte que ce qui nous lie soit plus fort que ce qui nous divise, car le Burkina Faso est le seul bien que nous avons en commun \u00bb, a-t-il laiss\u00e9 entendre. S\u2019agissant du travail parlementaire, l\u2019occupant du perchoir a indiqu\u00e9 que les d\u00e9put\u00e9s de l\u2019opposition s\u2019opposent parfois \u00e0 la majorit\u00e9 avant de faire remarquer que, quand il s\u2019agit de l\u2019int\u00e9r\u00eat sup\u00e9rieur de la nation, les deux ont toujours su se mettre au-dessus de leurs divergences. Du reste, a-t-il relev\u00e9, le d\u00e9bat contradictoire est l\u2019un des principes de la d\u00e9mocratie. Avant de quitter le si\u00e8ge de la NAFA, Alassane Bala Sakand\u00e9 a souhait\u00e9 un prompt r\u00e9tablissement au pr\u00e9sident-fondateur du parti, Djibrill Yip\u00e9n\u00e8 Bassol\u00e9, malade depuis quelques temps. Le secr\u00e9taire ex\u00e9cutif national de la NAFA, Mamoudou Hama Dicko s\u2019est r\u00e9joui de cette visite. \u00abC\u2019est la premi\u00e8re fois qu\u2019un pr\u00e9sident de l\u2019Assembl\u00e9e nationale d\u00e9cide de faire le tour des partis politiques ayant des d\u00e9put\u00e9s au Parlement en vue d\u2019\u00e9changer avec les responsables sur les contributions de leurs membres\u00bb a-t-il salu\u00e9. Pour lui, ces visites initi\u00e9es dans les si\u00e8ges des 14 formations politiques qui si\u00e8gent \u00e0 l\u2019Assembl\u00e9e nationale dont la NAFA, \u00e9pousent l\u2019esprit du dialogue politique enclench\u00e9 par le pr\u00e9sident du Faso et auquel l\u2019opposition a pris part activement. Concernant le cas Djibrill Y. Bassol\u00e9, Mamoudou Dicko pense que ce qui lui arrive peut arriver \u00e0 tous et plaide pour la cl\u00e9mence. \u00abNous sommes des adversaires politiques, mais pas des ennemis. Nous souhaitons que les autorit\u00e9s puissent permettent au pr\u00e9sident Bassol\u00e9 d\u2019aller se soigner et dans le pays de son choix\u00bb, a-t-il pr\u00e9cis\u00e9. Certes, c\u2019est une question judiciaire, mais le chef de l\u2019Etat \u00e9tant le garant de l\u2019unit\u00e9 nationale, il peut apporter sa contribution pour un d\u00e9nouement de la situation, foi du secr\u00e9taire ex\u00e9cutif.<\/p>\n<p>Beyon Romain NEBIE<br \/>nbeyonromain@yahoo.fr<\/p>\n<div class=\"td-a-rec td-a-rec-id-content_bottom tdi_30_b51 td_block_template_1\"><img loading=\"lazy\" decoding=\"async\" class=\"aligncenter size-full wp-image-9623\" src=\"https:\/\/www.sidwaya.info\/wp-content\/uploads\/2019\/06\/Projet-bannie%CC%80re-Orange-mobile.jpg\" alt=\"\" width=\"728\" height=\"81\"\/><\/div>\n<p>Auteur: BM. Sidwaya<br \/>\n<a href=\"https:\/\/www.sidwaya.info\/blog\/2019\/11\/20\/travail-parlementaire-alassane-bala-sakande-salue-la-contribution-de-la-nafa\/\">Cliquez ici pour lire l&rsquo;article depuis sa source.<\/a><\/p>\n","protected":false},"excerpt":{"rendered":"<p>Le pr\u00e9sident de l\u2019Assembl\u00e9e nationale, Alassane Bala Sakand\u00e9, a rendu visite aux responsables de la Nouvelle alliance du Faso (NAFA), le mercredi 20 novembre 2019 au si\u00e8ge du parti \u00e0 Ouagadougou. Apr\u00e8s l\u2019Alliance pour la d\u00e9mocratie et la f\u00e9d\u00e9ration\/Rassemblement d\u00e9mocratique africain (ADF-RDA) la semaine derni\u00e8re, ce fut le tour de la Nouvelle alliance du Faso [&hellip;]<\/p>\n","protected":false},"author":1816,"featured_media":0,"comment_status":"closed","ping_status":"closed","sticky":false,"template":"","format":"standard","meta":{"fifu_image_url":"","fifu_image_alt":"","footnotes":""},"categories":[73,81],"tags":[],"class_list":["post-68089","post","type-post","status-publish","format-standard","hentry","category-actualite","category-burkina-faso"],"_links":{"self":[{"href":"https:\/\/linitiative.ca\/International\/wp-json\/wp\/v2\/posts\/68089","targetHints":{"allow":["GET"]}}],"collection":[{"href":"https:\/\/linitiative.ca\/International\/wp-json\/wp\/v2\/posts"}],"about":[{"href":"https:\/\/linitiative.ca\/International\/wp-json\/wp\/v2\/types\/post"}],"author":[{"embeddable":true,"href":"https:\/\/linitiative.ca\/International\/wp-json\/wp\/v2\/users\/1816"}],"replies":[{"embeddable":true,"href":"https:\/\/linitiative.ca\/International\/wp-json\/wp\/v2\/comments?post=68089"}],"version-history":[{"count":0,"href":"https:\/\/linitiative.ca\/International\/wp-json\/wp\/v2\/posts\/68089\/revisions"}],"wp:attachment":[{"href":"https:\/\/linitiative.ca\/International\/wp-json\/wp\/v2\/media?parent=68089"}],"wp:term":[{"taxonomy":"category","embeddable":true,"href":"https:\/\/linitiative.ca\/International\/wp-json\/wp\/v2\/categories?post=68089"},{"taxonomy":"post_tag","embeddable":true,"href":"https:\/\/linitiative.ca\/International\/wp-json\/wp\/v2\/tags?post=68089"}],"curies":[{"name":"wp","href":"https:\/\/api.w.org\/{rel}","templated":true}]}}