{"id":68090,"date":"2019-11-20T15:12:03","date_gmt":"2019-11-20T20:12:03","guid":{"rendered":"https:\/\/linitiative.ca\/International\/soyons-fiers-du-burkina\/"},"modified":"2019-11-20T15:12:03","modified_gmt":"2019-11-20T20:12:03","slug":"soyons-fiers-du-burkina","status":"publish","type":"post","link":"https:\/\/linitiative.ca\/International\/soyons-fiers-du-burkina\/","title":{"rendered":"Soyons fiers du Burkina !"},"content":{"rendered":"<div class=\"td-post-featured-image\"><a href=\"https:\/\/i2.wp.com\/www.sidwaya.info\/wp-content\/uploads\/2019\/11\/SIDREGARD.gif?fit=387%2C182&#038;ssl=1\" data-caption=\"\"><img loading=\"lazy\" decoding=\"async\" width=\"387\" height=\"182\" class=\"entry-thumb td-modal-image\" src=\"https:\/\/i2.wp.com\/www.sidwaya.info\/wp-content\/uploads\/2019\/11\/SIDREGARD.gif?resize=387%2C182&#038;ssl=1\" alt=\"\" title=\"SIDREGARD\"\/><\/a><\/div>\n<p>Jean-Paul Sartre ne croyait pas si bien dire quand il a affirm\u00e9 que \u00abl\u2019enfer c\u2019est les autres\u00bb. La semaine derni\u00e8re, les contempteurs de l\u2019Hexagone se sont d\u00e9lect\u00e9s sur les r\u00e9seaux sociaux, des accusations ouvertes de la star de musique malienne Salif Ke\u00efta sur la responsabilit\u00e9 de la France dans le terrorisme au Mali. Cette m\u00eame c\u00e9l\u00e9brit\u00e9 qui f\u00e9licitait la France d\u2019avoir sauv\u00e9 le Mali des griffes du terrorisme quelques ann\u00e9es plus t\u00f4t.<br \/>Cette semaine, ce sont les Burkinab\u00e8 qui tirent \u00e0 boulets rouges sur la m\u00eame France pour avoir os\u00e9 \u00abrepeindre\u00bb la carte du pays des Hommes int\u00e8gres en rouge et orange pour repr\u00e9senter les zones d\u2019ins\u00e9curit\u00e9. En effet, le Quai d\u2019Orsay a actualis\u00e9 sa carte de conseils aux voyageurs sur le Burkina : une zone rouge (formellement d\u00e9conseill\u00e9e), couvrant tout le Nord, l\u2019Est et les fronti\u00e8res Ouest, alors que tout le reste du pays est d\u00e9sormais orange (d\u00e9conseill\u00e9 sauf raison imp\u00e9rative). Cette configuration du Faso sur carte n\u2019est pourtant pas r\u00e9cente, mais elle a suffi pour susciter la col\u00e8re de certains citoyens qui ont d\u00e9nonc\u00e9 son caract\u00e8re inamical.<br \/>Y a-t-il vraiment mati\u00e8re \u00e0 se montrer h\u00e9riss\u00e9 par ces nouvelles couleurs du pays si, d\u2019une part, elles d\u00e9crivent une r\u00e9alit\u00e9, et d\u2019autre part, elles sont adress\u00e9es principalement aux ressortissants de l\u2019Hexagone ? Le Burkina Faso n\u2019est pas le seul \u00e0 subir ces coloriages. L\u2019ancien colon n\u2019est pas non plus le seul \u00e0 s\u2019adonner \u00e0 cet exercice. En Asie, l\u2019Afghanistan a \u00e9t\u00e9 totalement \u00abrepeinte\u00bb en rouge. La version anglaise de la page d\u2019accueil du site de l\u2019ambassade des Etats-Unis au Burkina Faso, donne \u00e9galement une alerte : \u00abLevel 3 reconsider travel to Burkina Faso due to terrorism, crime and kidnapping\u00bb. Cette alerte d\u00e9conseille 11 r\u00e9gions du pays, n\u2019\u00e9pargnant que le Centre, le Plateau central et la ville de Koudougou. A Ouagadougou, les quartiers Karpala, Balkuy et Rayongo dans l\u2019arrondissement 11 sont tout aussi d\u00e9conseill\u00e9s, \u00aben raison du terrorisme et de la criminalit\u00e9\u00bb. Une carte tout aussi rouge et orange est \u00e9galement pr\u00e9sent\u00e9e. Certains commentaires sur le site auraient sans doute aussi \u00e9t\u00e9 jug\u00e9s \u00abinamicaux\u00bb s\u2019ils avaient \u00e9t\u00e9 m\u00e9diatis\u00e9s. Curieusement, cette alerte dispara\u00eet dans la version fran\u00e7aise du site de l\u2019ambassade, comme pour bien faire comprendre qu\u2019elle s\u2019adresse uniquement aux citoyens am\u00e9ricains. Ces \u00abconseils aux voyageurs \u00bb ne sont pourtant pas une pratique nouvelle au point de faire sombrer plus d\u2019un Burkinab\u00e8 dans le chauvinisme. Un populisme vain, en somme, qui n\u2019apporte rien de concret \u00e0 la situation s\u00e9curitaire du pays. En 2015 d\u00e9j\u00e0, aux lendemains des premi\u00e8res attaques, la couleur orange \u00e9tait beaucoup pr\u00e9sente sur les repr\u00e9sentations du Burkina au sein de certaines enclaves diplomatiques.<br \/>La r\u00e9action patriotique ici, plut\u00f4t que de s\u2019en prendre aux chancelleries qui adressent des messages de pr\u00e9caution \u00e0 leurs concitoyens, serait de se mobiliser davantage pour renforcer la d\u00e9fense de son pays. A ce titre, au lieu de donner de l\u2019audience \u00e0 ces repr\u00e9sentations d\u00e9pr\u00e9ciatives du Burkina \u00e0 travers les partages, les indign\u00e9s seraient mieux inspir\u00e9s de \u00abfaire la propagande\u00bb des r\u00e9centes victoires des forces de d\u00e9fense et de s\u00e9curit\u00e9 sur le terrain. Interrog\u00e9 au sortir du Conseil des ministres d\u2019hier, le ministre porte-parole du gouvernement, R\u00e9mis Fulgance Dandjinou a affirm\u00e9 que le Burkina Faso sera ce que les Burkinab\u00e8 veulent qu\u2019il soit.<br \/>Cette volont\u00e9 doit \u00eatre traduite en actes et en engagements concrets, au lieu des discours creux, et autres j\u00e9r\u00e9miades \u00e0 trouver des boucs \u00e9missaires aux maux du pays. Que \u00abla destination \u00e0 ne pas manquer\u00bb soit d\u00e9conseill\u00e9e \u00e0 des Fran\u00e7ais, Am\u00e9ricains ou autres, l\u2019essentiel est que les Burkinab\u00e8 la d\u00e9fendent et soient fiers d\u2019y habiter.<\/p>\n<p>Fab\u00e9 Mamadou<br \/>OUATTARA<\/p>\n<div class=\"td-a-rec td-a-rec-id-content_bottom tdi_30_554 td_block_template_1\"><img loading=\"lazy\" decoding=\"async\" class=\"aligncenter size-full wp-image-9623\" src=\"https:\/\/www.sidwaya.info\/wp-content\/uploads\/2019\/06\/Projet-bannie%CC%80re-Orange-mobile.jpg\" alt=\"\" width=\"728\" height=\"81\"\/><\/div>\n<p>Auteur: BM. Sidwaya<br \/>\n<a href=\"https:\/\/www.sidwaya.info\/blog\/2019\/11\/20\/soyons-fiers-du-burkina\/\">Cliquez ici pour lire l&rsquo;article depuis sa source.<\/a><\/p>\n","protected":false},"excerpt":{"rendered":"<p>Jean-Paul Sartre ne croyait pas si bien dire quand il a affirm\u00e9 que \u00abl\u2019enfer c\u2019est les autres\u00bb. La semaine derni\u00e8re, les contempteurs de l\u2019Hexagone se sont d\u00e9lect\u00e9s sur les r\u00e9seaux sociaux, des accusations ouvertes de la star de musique malienne Salif Ke\u00efta sur la responsabilit\u00e9 de la France dans le terrorisme au Mali. Cette m\u00eame [&hellip;]<\/p>\n","protected":false},"author":1816,"featured_media":0,"comment_status":"closed","ping_status":"closed","sticky":false,"template":"","format":"standard","meta":{"fifu_image_url":"","fifu_image_alt":"","footnotes":""},"categories":[73,81],"tags":[],"class_list":["post-68090","post","type-post","status-publish","format-standard","hentry","category-actualite","category-burkina-faso"],"_links":{"self":[{"href":"https:\/\/linitiative.ca\/International\/wp-json\/wp\/v2\/posts\/68090","targetHints":{"allow":["GET"]}}],"collection":[{"href":"https:\/\/linitiative.ca\/International\/wp-json\/wp\/v2\/posts"}],"about":[{"href":"https:\/\/linitiative.ca\/International\/wp-json\/wp\/v2\/types\/post"}],"author":[{"embeddable":true,"href":"https:\/\/linitiative.ca\/International\/wp-json\/wp\/v2\/users\/1816"}],"replies":[{"embeddable":true,"href":"https:\/\/linitiative.ca\/International\/wp-json\/wp\/v2\/comments?post=68090"}],"version-history":[{"count":0,"href":"https:\/\/linitiative.ca\/International\/wp-json\/wp\/v2\/posts\/68090\/revisions"}],"wp:attachment":[{"href":"https:\/\/linitiative.ca\/International\/wp-json\/wp\/v2\/media?parent=68090"}],"wp:term":[{"taxonomy":"category","embeddable":true,"href":"https:\/\/linitiative.ca\/International\/wp-json\/wp\/v2\/categories?post=68090"},{"taxonomy":"post_tag","embeddable":true,"href":"https:\/\/linitiative.ca\/International\/wp-json\/wp\/v2\/tags?post=68090"}],"curies":[{"name":"wp","href":"https:\/\/api.w.org\/{rel}","templated":true}]}}