{"id":68091,"date":"2019-11-20T15:13:50","date_gmt":"2019-11-20T20:13:50","guid":{"rendered":"https:\/\/linitiative.ca\/International\/ceremonie-officielle-dinauguration-du-barrage-de-samendeni-prevue-le-30-novembre-2019\/"},"modified":"2019-11-20T15:13:50","modified_gmt":"2019-11-20T20:13:50","slug":"ceremonie-officielle-dinauguration-du-barrage-de-samendeni-prevue-le-30-novembre-2019","status":"publish","type":"post","link":"https:\/\/linitiative.ca\/International\/ceremonie-officielle-dinauguration-du-barrage-de-samendeni-prevue-le-30-novembre-2019\/","title":{"rendered":"C\u00e9r\u00e9monie officielle d\u2019inauguration du barrage de Samend\u00e9ni pr\u00e9vue le 30 novembre 2019"},"content":{"rendered":"<p><strong>Le Conseil des ministres s\u2019est tenu \u00e0 Ouagadougou, le mercredi 20 novembre 2019, en s\u00e9ance ordinaire, de 09 H 15 mn \u00e0 14 H 15 mn, sous la pr\u00e9sidence de Son Excellence Monsieur Christophe Joseph Marie DABIRE, Premier ministre, Chef du gouvernement. Il a d\u00e9lib\u00e9r\u00e9 sur les dossiers inscrits \u00e0 son ordre du jour, entendu des communications orales, proc\u00e9d\u00e9 \u00e0 des nominations, et autoris\u00e9 des missions \u00e0 l\u2019\u00e9tranger.<\/strong><\/p>\n<p>I. DELIBERATIONS<\/p>\n<p>I.1. AU TITRE DE LA REFORME DES INSTITUTIONS ET DE LA MODERNISATION DE L\u2019ADMINISTRATION, LE CONSEIL A ADOPTE TROIS (03) RAPPORTS.<\/p>\n<p>I.1.1. Pour le compte du Premier minist\u00e8re :<br \/>\u2013 un d\u00e9cret portant nomination d\u2019un membre au Conseil de r\u00e9gulation de l\u2019Autorit\u00e9 de r\u00e9gulation des communications \u00e9lectroniques et des postes (ARCEP).<br \/>L\u2019adoption de ce d\u00e9cret permet la nomination de ce membre au Conseil de r\u00e9gulation de l\u2019Autorit\u00e9 de r\u00e9gulation des communications \u00e9lectroniques et des postes en vue de permettre \u00e0 cette instance de d\u00e9lib\u00e9rer en toute l\u00e9galit\u00e9.<\/p>\n<p>I.1.2. Pour le compte du minist\u00e8re de la Justice :<br \/>\u2013 un projet de loi relatif \u00e0 la modification de la loi n\u00b0014-2014\/AN du 08 mai 2014 portant cr\u00e9ation du Tribunal de grande instance de Ouaga II.<br \/>Ce projet de loi modificative vise \u00e0 d\u00e9terminer la juridiction de grande instance comp\u00e9tente, \u00e0 conna\u00eetre des affaires provenant de la province du Ganzourgou, notamment en la rattachant \u00e0 celle du Tribunal de grande instance Ouaga I.<br \/>Le Conseil a marqu\u00e9 son accord pour la transmission dudit projet de loi \u00e0 l\u2019Assembl\u00e9e nationale.<\/p>\n<p>I.1.3. Pour le compte du minist\u00e8re de l\u2019Economie, des finances et du d\u00e9veloppement :<br \/>\u2013 deux ordonnances portant autorisation de ratification des accords de pr\u00eats n\u00b02019 063\/PR BF 2019 30 00 et n\u00b02019 033\/PR BF 2019 18 00, respectivement pour le financement du Projet de promotion de la finance inclusive pour l\u2019acc\u00e8s des populations \u00e0 faible revenu aux services financiers au Burkina Faso (PPFIB) et du Programme d\u2019appui au d\u00e9veloppement des \u00e9conomies locales (PADEL).<br \/>L\u2019accord de pr\u00eat n\u00b02019 063\/PR BF 2019 30 00, d\u2019un montant de cinq milliards (5 000 000 000) de F CFA est consacr\u00e9 au Projet de promotion de la finance inclusive pour l\u2019acc\u00e8s des populations \u00e0 faible revenu aux services financiers au Burkina Faso (PPFIB), financ\u00e9 par la Banque ouest africaine de d\u00e9veloppement (BOAD).<br \/>L\u2019accord de pr\u00eat n\u00b02019 033\/PR BF 2019 18 00, d\u2019un montant de vingt milliards (20 000 000 000) de F CFA est destin\u00e9 au financement, du Programme d\u2019appui au d\u00e9veloppement des \u00e9conomies locales (PADEL) dans les r\u00e9gions du Sud-Ouest, du Centre, du Plateau-Central, des Cascades et du Centre-Ouest et financ\u00e9 par la Banque ouest africaine de d\u00e9veloppement (BOAD).<\/p>\n<p>II.COMMUNICATIONS ORALES<\/p>\n<p>II.1. Le ministre de la Communication et des relations avec le parlement, Porte-parole du gouvernement a fait au Conseil une communication relative \u00e0 la tenue de la 11\u00e8me \u00e9dition des Universit\u00e9s africaines de la communication de Ouagadougou (UACO) du 25 au 27 novembre 2019, sous le th\u00e8me<br \/>\u00ab Communication et g\u00e9opolitique : construire une autre image de l\u2019Afrique \u00bb.<br \/>Cette \u00e9dition qui re\u00e7oit la C\u00f4te d\u2019Ivoire comme pays invit\u00e9 d\u2019honneur est plac\u00e9e sous le tr\u00e8s haut patronage de Son Excellence Monsieur Roch Marc Christian KABORE, Pr\u00e9sident du Faso.<br \/>II.2. Le ministre de l\u2019Agriculture et des am\u00e9nagements hydro-agricoles a fait au Conseil une communication relative au lancement officiel de la campagne agricole de saison s\u00e8che 2019-2020, le 26 novembre 2019 \u00e0 Dakola dans la r\u00e9gion du Centre-Sud, sous le haut patronage de Son Excellence Monsieur Christophe Joseph Marie DABIRE, Chef du gouvernement.<br \/>Plac\u00e9 sous le th\u00e8me<br \/>\u00ab Intensification et commercialisation de la production de campagne agricole de saison s\u00e8che : d\u00e9fis et opportunit\u00e9s dans un contexte d\u2019ins\u00e9curit\u00e9 \u00bb, ce lancement vise \u00e0 susciter une plus grande adh\u00e9sion des producteurs \u00e0 la dynamique d\u2019intensification et de diversification des productions agricoles pour une s\u00e9curit\u00e9 alimentaire et nutritionnelle durable.<\/p>\n<p>II.3. Le ministre de l\u2019Eau et de l\u2019assainissement a fait au Conseil une communication relative \u00e0 la c\u00e9r\u00e9monie officielle d\u2019inauguration du barrage de Samend\u00e9ni pr\u00e9vue le 30 novembre 2019, dans la commune rurale de Bama, r\u00e9gion des Hauts-Bassins.<br \/>Cette c\u00e9r\u00e9monie est plac\u00e9e sous le tr\u00e8s haut patronage de Son Excellence Monsieur Roch Marc Christian KABORE, Pr\u00e9sident du Faso et conna\u00eetra la pr\u00e9sence des principaux partenaires techniques et financiers ayant permis la r\u00e9alisation dudit barrage.<\/p>\n<p>III. NOMINATIONS<\/p>\n<p>III.1. NOMINATIONS DANS LES FONCTIONS INDIVIDUELLES<\/p>\n<p>AU TITRE DU PREMIER MINISTERE<br \/>\u2013 Monsieur Hippolyte DOMBOUE, Ing\u00e9nieur d\u2019application en r\u00e9seaux\/syst\u00e8me d\u2019information, est nomm\u00e9 Membre du Conseil de r\u00e9gulation de l\u2019Autorit\u00e9 de r\u00e9gulation des communications \u00e9lectroniques et des postes (ARCEP) au titre de l\u2019Assembl\u00e9e nationale, pour un mandat de six (06) ans.<\/p>\n<p>III.2. NOMINATIONS DANS LES CONSEILS D\u2019ADMINISTRATION MINISTERE DE L\u2019ENSEIGNEMENT SUPERIEUR, DE LA RECHERCHE SCIENTIFIQUE ET DE L\u2019INNOVATION<br \/>Le Conseil a adopt\u00e9 un d\u00e9cret portant nomination de Monsieur Fid\u00e8le BAKIONO, Officier, Administrateur repr\u00e9sentant l\u2019Etat, au titre du minist\u00e8re de la D\u00e9fense nationale et des anciens combattants au Conseil d\u2019administration de l\u2019Agence nationale de bios\u00e9curit\u00e9 (ANB) pour un premier mandat de trois (03) ans.<\/p>\n<p>Le Ministre de la Communication et des Relations avec le Parlement,<br \/>Porte-parole du gouvernement,<br \/>Officier de l\u2019ordre national<\/p>\n<div class=\"td-a-rec td-a-rec-id-content_bottom tdi_30_55f td_block_template_1\"><img loading=\"lazy\" decoding=\"async\" class=\"aligncenter size-full wp-image-9623\" src=\"https:\/\/www.sidwaya.info\/wp-content\/uploads\/2019\/06\/Projet-bannie%CC%80re-Orange-mobile.jpg\" alt=\"\" width=\"728\" height=\"81\"\/><\/div>\n<p>Auteur: BM. Sidwaya<br \/>\n<a href=\"https:\/\/www.sidwaya.info\/blog\/2019\/11\/20\/ceremonie-officielle-dinauguration-du-barrage-de-samendeni-prevue-le-30-novembre-2019\/\">Cliquez ici pour lire l&rsquo;article depuis sa source.<\/a><\/p>\n","protected":false},"excerpt":{"rendered":"<p>Le Conseil des ministres s\u2019est tenu \u00e0 Ouagadougou, le mercredi 20 novembre 2019, en s\u00e9ance ordinaire, de 09 H 15 mn \u00e0 14 H 15 mn, sous la pr\u00e9sidence de Son Excellence Monsieur Christophe Joseph Marie DABIRE, Premier ministre, Chef du gouvernement. Il a d\u00e9lib\u00e9r\u00e9 sur les dossiers inscrits \u00e0 son ordre du jour, entendu [&hellip;]<\/p>\n","protected":false},"author":1816,"featured_media":68092,"comment_status":"closed","ping_status":"closed","sticky":false,"template":"","format":"standard","meta":{"fifu_image_url":"","fifu_image_alt":"","footnotes":""},"categories":[73,81],"tags":[],"class_list":["post-68091","post","type-post","status-publish","format-standard","has-post-thumbnail","hentry","category-actualite","category-burkina-faso"],"_links":{"self":[{"href":"https:\/\/linitiative.ca\/International\/wp-json\/wp\/v2\/posts\/68091","targetHints":{"allow":["GET"]}}],"collection":[{"href":"https:\/\/linitiative.ca\/International\/wp-json\/wp\/v2\/posts"}],"about":[{"href":"https:\/\/linitiative.ca\/International\/wp-json\/wp\/v2\/types\/post"}],"author":[{"embeddable":true,"href":"https:\/\/linitiative.ca\/International\/wp-json\/wp\/v2\/users\/1816"}],"replies":[{"embeddable":true,"href":"https:\/\/linitiative.ca\/International\/wp-json\/wp\/v2\/comments?post=68091"}],"version-history":[{"count":0,"href":"https:\/\/linitiative.ca\/International\/wp-json\/wp\/v2\/posts\/68091\/revisions"}],"wp:featuredmedia":[{"embeddable":true,"href":"https:\/\/linitiative.ca\/International\/wp-json\/"}],"wp:attachment":[{"href":"https:\/\/linitiative.ca\/International\/wp-json\/wp\/v2\/media?parent=68091"}],"wp:term":[{"taxonomy":"category","embeddable":true,"href":"https:\/\/linitiative.ca\/International\/wp-json\/wp\/v2\/categories?post=68091"},{"taxonomy":"post_tag","embeddable":true,"href":"https:\/\/linitiative.ca\/International\/wp-json\/wp\/v2\/tags?post=68091"}],"curies":[{"name":"wp","href":"https:\/\/api.w.org\/{rel}","templated":true}]}}