{"id":68096,"date":"2019-11-20T14:18:03","date_gmt":"2019-11-20T19:18:03","guid":{"rendered":"https:\/\/linitiative.ca\/International\/la-bad-soutiendra-le-programme-social-du-gouvernement-ivoirien-avec-283-milliards-fcfa\/"},"modified":"2019-11-20T14:18:03","modified_gmt":"2019-11-20T19:18:03","slug":"la-bad-soutiendra-le-programme-social-du-gouvernement-ivoirien-avec-283-milliards-fcfa","status":"publish","type":"post","link":"https:\/\/linitiative.ca\/International\/la-bad-soutiendra-le-programme-social-du-gouvernement-ivoirien-avec-283-milliards-fcfa\/","title":{"rendered":"La BAD soutiendra le Programme social du gouvernement ivoirien avec 283 milliards FCFA"},"content":{"rendered":"<div readability=\"32\">\n<p>Publi\u00e9 le 20.11.2019 \u00e0 20h18 par APA News<\/p>\n<\/div>\n<div readability=\"86\">\n<p>La Banque africaine de d\u00e9veloppement (BAD) va soutenir le Programme social du gouvernement (PSGouv) ivoirien avec 283 milliards FCFA, a indiqu\u00e9 son pr\u00e9sident Akinwimi Adesina dans un entretien avec APA en marge de l\u2019\u00e9dition 2019 du Forum pour l\u2019investissement en Afrique ou Africa Investment Forum (AIF) qui s\u2019est tenue du 11 au 13 novembre dernier \u00e0 Johannesburg en Afrique du Sud.\u00ab Regardez aujourd\u2019hui le niveau de la croissance de l\u2019\u00e9conomie ivoirienne. C\u2019est remarquable pas seulement au niveau de l\u2019Afrique mais au niveau mondial. Je suis conscient de ce que le pr\u00e9sident Alassane Ouattara avait dit pour r\u00e9duire l\u2019in\u00e9galit\u00e9 d\u2019acc\u00e8s aux services sociaux. C\u2019est un excellent programme. C\u2019est la raison pour laquelle la BAD va le soutenir tr\u00e8s fort avec 283 milliards de FCFA\u00bb, a annonc\u00e9 M. Adesina estimant que \u00ab la C\u00f4te d\u2019Ivoire est bancable\u00bb.<\/p>\n<p>Saluant les efforts du pr\u00e9sident ivoirien Alassane Ouattara pour sa politique sociale du gouvernement ( PSGouv) et la r\u00e9alisation de plusieurs infrastructures dans le pays, le pr\u00e9sident de la BAD a soulign\u00e9 que \u00ab c\u2019est toujours les pays qui ont un syst\u00e8me d\u2019infrastructures qui progressent \u00bb.<\/p>\n<p>Dans un autre registre, M. Adesina \u00a0a souhait\u00e9 que les pays africains aient des cha\u00eenes de valeur et des syst\u00e8mes de transformation de leurs mati\u00e8res premi\u00e8res. \u00a0<\/p>\n<p>\u00ab La C\u00f4te d\u2019Ivoire et le Ghana contribuent tous les deux pour la production globale \u00e0 65% de f\u00e8ves de cacao. Les pr\u00e9sidents Alassane Ouattara et Nana Akufo-Addo ont d\u00e9cid\u00e9 de transformer \u00e7a \u00bb, a-t-il rappel\u00e9.<\/p>\n<p>\u00a0\u00ab Il ne faut pas qu\u2019on arrive \u00e0 une situation dans laquelle l\u2019Afrique produit aujourd\u2019hui 75% de la f\u00e8ve de cacao et le march\u00e9 de chocolat chaque ann\u00e9e (rapporte) 120 milliards de dollars pendant que la part de l\u2019Afrique est seulement 2% de cela. Ce n\u2019est pas juste\u00bb, s\u2019est offusqu\u00e9 M. Adesina.<\/p>\n<p>\u00a0Le montant allou\u00e9 au Programme social du gouvernement ivoirien ( PS-Gouv 2019-2020) est \u00a0pass\u00e9 de 727,5 milliards FCFA \u00e0 1003,4 milliards FCFA afin \u00ab d\u2019augmenter le volume des projets sociaux devant impacter le v\u00e9cu quotidien des ivoiriens \u00bb.<\/p>\n<p>Ce Programme social du gouvernement \u00a02019-2020, a notamment, \u00a0pour objectif de \u00a0permettre aux populations ivoiriennes, \u00a0les plus vuln\u00e9rables, \u00a0de voir leurs conditions de vie nettement am\u00e9lior\u00e9es.<\/p>\n<p>L\u2019\u00e9dition inaugurale de l\u2019Africa Investment Forum (AIF) a \u00e9t\u00e9 lanc\u00e9e en 2018 par la Banque africaine de d\u00e9veloppement, en partenariat avec Africa50, la banque africaine d\u2019import-export Afreximbank, la Banque de d\u00e9veloppement du commerce, la Banque de d\u00e9veloppement de l\u2019Afrique du Sud, la Banque islamique de d\u00e9veloppement, la Soci\u00e9t\u00e9 financi\u00e8re africaine et la Banque europ\u00e9enne d\u2019investissement.<\/p>\n<p>Ce forum vise \u00e0 mobiliser des capitaux pour le financement de projets en direction des pays africains.<\/p>\n<\/div>\n<p>Auteur: APA News<br \/>\n<a href=\"https:\/\/www.journalducameroun.com\/la-bad-soutiendra-le-programme-social-du-gouvernement-ivoirien-avec-283-milliards-fcfa\/\">Cliquez ici pour lire l&rsquo;article depuis sa source.<\/a><\/p>\n","protected":false},"excerpt":{"rendered":"<p>Publi\u00e9 le 20.11.2019 \u00e0 20h18 par APA News La Banque africaine de d\u00e9veloppement (BAD) va soutenir le Programme social du gouvernement (PSGouv) ivoirien avec 283 milliards FCFA, a indiqu\u00e9 son pr\u00e9sident Akinwimi Adesina dans un entretien avec APA en marge de l\u2019\u00e9dition 2019 du Forum pour l\u2019investissement en Afrique ou Africa Investment Forum (AIF) qui [&hellip;]<\/p>\n","protected":false},"author":1965,"featured_media":0,"comment_status":"closed","ping_status":"closed","sticky":false,"template":"","format":"standard","meta":{"fifu_image_url":"","fifu_image_alt":"","footnotes":""},"categories":[73,82],"tags":[],"class_list":["post-68096","post","type-post","status-publish","format-standard","hentry","category-actualite","category-cameroun"],"_links":{"self":[{"href":"https:\/\/linitiative.ca\/International\/wp-json\/wp\/v2\/posts\/68096","targetHints":{"allow":["GET"]}}],"collection":[{"href":"https:\/\/linitiative.ca\/International\/wp-json\/wp\/v2\/posts"}],"about":[{"href":"https:\/\/linitiative.ca\/International\/wp-json\/wp\/v2\/types\/post"}],"author":[{"embeddable":true,"href":"https:\/\/linitiative.ca\/International\/wp-json\/wp\/v2\/users\/1965"}],"replies":[{"embeddable":true,"href":"https:\/\/linitiative.ca\/International\/wp-json\/wp\/v2\/comments?post=68096"}],"version-history":[{"count":0,"href":"https:\/\/linitiative.ca\/International\/wp-json\/wp\/v2\/posts\/68096\/revisions"}],"wp:attachment":[{"href":"https:\/\/linitiative.ca\/International\/wp-json\/wp\/v2\/media?parent=68096"}],"wp:term":[{"taxonomy":"category","embeddable":true,"href":"https:\/\/linitiative.ca\/International\/wp-json\/wp\/v2\/categories?post=68096"},{"taxonomy":"post_tag","embeddable":true,"href":"https:\/\/linitiative.ca\/International\/wp-json\/wp\/v2\/tags?post=68096"}],"curies":[{"name":"wp","href":"https:\/\/api.w.org\/{rel}","templated":true}]}}