{"id":68097,"date":"2019-11-20T14:18:05","date_gmt":"2019-11-20T19:18:05","guid":{"rendered":"https:\/\/linitiative.ca\/International\/lancement-au-senegal-de-la-6eme-edition-du-concours-de-dissertation-de-la-fondation-uba\/"},"modified":"2019-11-20T14:18:05","modified_gmt":"2019-11-20T19:18:05","slug":"lancement-au-senegal-de-la-6eme-edition-du-concours-de-dissertation-de-la-fondation-uba","status":"publish","type":"post","link":"https:\/\/linitiative.ca\/International\/lancement-au-senegal-de-la-6eme-edition-du-concours-de-dissertation-de-la-fondation-uba\/","title":{"rendered":"Lancement au S\u00e9n\u00e9gal de la 6\u00e8me \u00e9dition du concours de dissertation de la Fondation UBA"},"content":{"rendered":"<div readability=\"32\">\n<p>Publi\u00e9 le 20.11.2019 \u00e0 20h18 par APA News<\/p>\n<\/div>\n<div readability=\"63\">\n<p>La sixi\u00e8me \u00e9dition du concours national de dissertation de la Fondation United Bank For Africa (UBA) a \u00e9t\u00e9 lanc\u00e9e, mercredi \u00e0 Dakar, avec comme objectif de mobiliser 3000 candidats, selon Ibnou Samb, Directeur juridique d\u2019UBA-S\u00e9n\u00e9gal.\u00ab La pr\u00e9c\u00e9dente \u00e9dition, nous avions enregistr\u00e9 2085 candidatures. Mais cette ann\u00e9e, nous voulons au moins mobiliser 3000 candidats \u00bb, a dit M. Samb, informant que cette ann\u00e9e, le th\u00e8me de la dissertation est : \u00ab Quelle est, pour vous, jeunes africains, la vraie \u00e9duction dont a besoin la jeunesse de votre pays ? \u00bb<\/p>\n<p>Poursuivant, Ibnou Sam a rappel\u00e9 que ce concours national de dissertation s\u2019inscrit dans le cadre du programme de la Fondation UBA intitul\u00e9 \u00ab L\u2019Afrique qui lit \u00bb visant \u00e0 \u00ab redonner la culture de la lecture aux jeunes africains \u00bb.<\/p>\n<p>Ce programme comprend notamment la fourniture de manuels de litt\u00e9rature faisant partie des enseignements dispens\u00e9s sur le continent africain.<\/p>\n<p>Dans le cadre de sa Responsabilit\u00e9 soci\u00e9tale d\u2019entreprise (RSE), des bourses d\u2019\u00e9tudes seront octroy\u00e9es aux 3 grands gagnants du concours, explique UBA dans un document remis \u00e0 la presse, selon lequel au total 15 \u00e9l\u00e8ves ont pu \u00e0 ce jour b\u00e9n\u00e9ficier d\u2019une bourse pour \u00ab des universit\u00e9s africaines de renom \u00bb.<\/p>\n<\/div>\n<p>Auteur: APA News<br \/>\n<a href=\"https:\/\/www.journalducameroun.com\/lancement-au-senegal-de-la-6eme-edition-du-concours-de-dissertation-de-la-fondation-uba\/\">Cliquez ici pour lire l&rsquo;article depuis sa source.<\/a><\/p>\n","protected":false},"excerpt":{"rendered":"<p>Publi\u00e9 le 20.11.2019 \u00e0 20h18 par APA News La sixi\u00e8me \u00e9dition du concours national de dissertation de la Fondation United Bank For Africa (UBA) a \u00e9t\u00e9 lanc\u00e9e, mercredi \u00e0 Dakar, avec comme objectif de mobiliser 3000 candidats, selon Ibnou Samb, Directeur juridique d\u2019UBA-S\u00e9n\u00e9gal.\u00ab La pr\u00e9c\u00e9dente \u00e9dition, nous avions enregistr\u00e9 2085 candidatures. Mais cette ann\u00e9e, nous [&hellip;]<\/p>\n","protected":false},"author":1965,"featured_media":0,"comment_status":"closed","ping_status":"closed","sticky":false,"template":"","format":"standard","meta":{"fifu_image_url":"","fifu_image_alt":"","footnotes":""},"categories":[73,82],"tags":[],"class_list":["post-68097","post","type-post","status-publish","format-standard","hentry","category-actualite","category-cameroun"],"_links":{"self":[{"href":"https:\/\/linitiative.ca\/International\/wp-json\/wp\/v2\/posts\/68097","targetHints":{"allow":["GET"]}}],"collection":[{"href":"https:\/\/linitiative.ca\/International\/wp-json\/wp\/v2\/posts"}],"about":[{"href":"https:\/\/linitiative.ca\/International\/wp-json\/wp\/v2\/types\/post"}],"author":[{"embeddable":true,"href":"https:\/\/linitiative.ca\/International\/wp-json\/wp\/v2\/users\/1965"}],"replies":[{"embeddable":true,"href":"https:\/\/linitiative.ca\/International\/wp-json\/wp\/v2\/comments?post=68097"}],"version-history":[{"count":0,"href":"https:\/\/linitiative.ca\/International\/wp-json\/wp\/v2\/posts\/68097\/revisions"}],"wp:attachment":[{"href":"https:\/\/linitiative.ca\/International\/wp-json\/wp\/v2\/media?parent=68097"}],"wp:term":[{"taxonomy":"category","embeddable":true,"href":"https:\/\/linitiative.ca\/International\/wp-json\/wp\/v2\/categories?post=68097"},{"taxonomy":"post_tag","embeddable":true,"href":"https:\/\/linitiative.ca\/International\/wp-json\/wp\/v2\/tags?post=68097"}],"curies":[{"name":"wp","href":"https:\/\/api.w.org\/{rel}","templated":true}]}}