{"id":68099,"date":"2019-11-20T09:24:41","date_gmt":"2019-11-20T14:24:41","guid":{"rendered":"https:\/\/linitiative.ca\/International\/legislatives-municipales-le-rdpc-veut-promouvoir-la-jeunesse-et-les-femmes\/"},"modified":"2019-11-20T09:24:41","modified_gmt":"2019-11-20T14:24:41","slug":"legislatives-municipales-le-rdpc-veut-promouvoir-la-jeunesse-et-les-femmes","status":"publish","type":"post","link":"https:\/\/linitiative.ca\/International\/legislatives-municipales-le-rdpc-veut-promouvoir-la-jeunesse-et-les-femmes\/","title":{"rendered":"L\u00e9gislatives\/Municipales : le RDPC veut promouvoir la jeunesse et les femmes"},"content":{"rendered":"<p>A travers <strong>deux circulaires<\/strong> sign\u00e9es le 15 novembre 2019, le pr\u00e9sident du <strong>Rassemblement d\u00e9mocratique du peuple camerounais<\/strong> (RDPC), <strong>Paul Biya<\/strong> a fix\u00e9 les modalit\u00e9s et les <strong>proc\u00e9dures de pr\u00e9s\u00e9lection et d\u2019investiture<\/strong> des candidats du parti \u00e0 l\u2019\u00e9lection des d\u00e9put\u00e9s et des conseillers municipaux, le 9 f\u00e9vrier 2020 au Cameroun. L\u2019on apprend ainsi qu\u2019en relation avec la base des militants, les op\u00e9rations y relatives seront conduites par le <strong>Comit\u00e9 central<\/strong> du RDPC, <em>\u00ab\u00a0dans un esprit d\u2019ouverture, de maturit\u00e9 politique et de recherche de consensus\u00a0\u00bb<\/em>.<\/p>\n<p>Pour ce qui est des l\u00e9gislatives, une commission centrale d\u2019investiture est cr\u00e9\u00e9e au si\u00e8ge du parti, sis au Palais des Congr\u00e8s de Yaound\u00e9, avec \u00e0 sa t\u00eate <strong>Jean Nkuete<\/strong>, secr\u00e9taire g\u00e9n\u00e9ral du RDPC. Cette instance va chapeauter les commissions r\u00e9gionales de contr\u00f4le et de supervision et les commissions d\u00e9partementales de pr\u00e9s\u00e9lection. Un organigramme qui change quelque peu dans le cas des municipales puisqu\u2019il faut ajouter la commission communale de pr\u00e9s\u00e9lection.<\/p>\n<p>Attendues durant plusieurs jours apr\u00e8s la convocation du corps \u00e9lectoral par le pr\u00e9sident de la R\u00e9publique, ces circulaires du pr\u00e9sident du RDPC montrent premi\u00e8rement la rupture que la hi\u00e9rarchie du parti entend engager dans le sens du renouvellement de son \u00e9lite politique. <strong>Paul Biya<\/strong> demande en effet <em>\u00ab\u00a0d\u2019encourager l\u2019\u00e9mergence de nouvelles figures, notamment dans le cas des candidats b\u00e9n\u00e9ficiant de la retraite parlementaire\u00a0\u00bb<\/em>.<\/p>\n<p>En clair, les \u00e9lus du peuple sous la casquette du RDPC, qui\u00a0 sont aux affaires depuis des d\u00e9cennies, devraient penser \u00e0 lib\u00e9rer le plancher. Cette disposition de la circulaire de <strong>Paul Biya<\/strong> rappelle en effet que nombreux sont les d\u00e9put\u00e9s qui ont, non seulement un \u00e2ge tr\u00e8s avanc\u00e9, mais \u00e9galement sont \u00e0 l\u2019h\u00e9micycle de Ngoa-Ekelle depuis trop longtemps d\u00e9j\u00e0. Exemple type\u00a0: <strong>Cavay\u00e9 Yegui\u00e9 Djibril,<\/strong> pr\u00e9sident de l\u2019Assembl\u00e9e nationale depuis 1992 (soit 27 ans) et d\u00e9put\u00e9 de la Nation depuis les ann\u00e9es 1970.<\/p>\n<p>Autre fait marquant dans ces circulaires, c\u2019est le souci de clarification. Contrairement au pass\u00e9, Paul Biya a d\u00e9cid\u00e9 de donner des directives distinctes pour chacune des \u00e9lections. Il n\u2019y a plus de confusion \u00e0 faire entre les op\u00e9rations pour les investitures aux postes de d\u00e9put\u00e9s et celles pour les candidatures aux postes de conseillers municipaux. Encore que les deux processus sont g\u00e9r\u00e9s par des instances bien diff\u00e9rentes. <em>\u00ab\u00a0A chacun son couloir et pas de m\u00e9lange de genre\u00a0\u00bb<\/em>, analyse <strong>Christophe Mien Zok,<\/strong> directeur des organes de presse, de l\u2019information et de la propagande du Comit\u00e9 central du RDPC.<\/p>\n<p>La composition des commissions pr\u00e9sente aussi un int\u00e9r\u00eat majeur. En les \u00e9largissant, le pr\u00e9sident du RDPC a voulu associer le maximum des ressources et de comp\u00e9tences du parti. Il est donc question d\u2019accentuer la coll\u00e9gialit\u00e9 dans la d\u00e9signation des candidats du parti au pouvoir. A l\u2019analyse, cela devrait permettre \u00e0 la base de mieux s\u2019exprimer, sans peur des repr\u00e9sailles de certains responsables des structures permanentes du parti. On pense \u00e9galement que cela devrait garantir plus d\u2019objectivit\u00e9 et de rigueur dans la d\u00e9signation des candidats.<\/p>\n<p><strong>\u00a0<\/strong><\/p>\n<div class=\"awac-wrapper awac widget blog_subscription-2\">\n<h4 class=\"widget-title\">Abonnez-vous \u00e0 notre lettre d&rsquo;information<\/h4>\n<\/div>\n<p>Auteur: EcoMatin<br \/>\n<a href=\"https:\/\/ecomatin.net\/legislatives-municipales-le-rdpc-veut-promouvoir-la-jeunesse-et-les-femmes\/\">Cliquez ici pour lire l&rsquo;article depuis sa source.<\/a><\/p>\n","protected":false},"excerpt":{"rendered":"<p>A travers deux circulaires sign\u00e9es le 15 novembre 2019, le pr\u00e9sident du Rassemblement d\u00e9mocratique du peuple camerounais (RDPC), Paul Biya a fix\u00e9 les modalit\u00e9s et les proc\u00e9dures de pr\u00e9s\u00e9lection et d\u2019investiture des candidats du parti \u00e0 l\u2019\u00e9lection des d\u00e9put\u00e9s et des conseillers municipaux, le 9 f\u00e9vrier 2020 au Cameroun. L\u2019on apprend ainsi qu\u2019en relation avec [&hellip;]<\/p>\n","protected":false},"author":1969,"featured_media":0,"comment_status":"closed","ping_status":"closed","sticky":false,"template":"","format":"standard","meta":{"fifu_image_url":"","fifu_image_alt":"","footnotes":""},"categories":[82,78],"tags":[],"class_list":["post-68099","post","type-post","status-publish","format-standard","hentry","category-cameroun","category-economie"],"_links":{"self":[{"href":"https:\/\/linitiative.ca\/International\/wp-json\/wp\/v2\/posts\/68099","targetHints":{"allow":["GET"]}}],"collection":[{"href":"https:\/\/linitiative.ca\/International\/wp-json\/wp\/v2\/posts"}],"about":[{"href":"https:\/\/linitiative.ca\/International\/wp-json\/wp\/v2\/types\/post"}],"author":[{"embeddable":true,"href":"https:\/\/linitiative.ca\/International\/wp-json\/wp\/v2\/users\/1969"}],"replies":[{"embeddable":true,"href":"https:\/\/linitiative.ca\/International\/wp-json\/wp\/v2\/comments?post=68099"}],"version-history":[{"count":0,"href":"https:\/\/linitiative.ca\/International\/wp-json\/wp\/v2\/posts\/68099\/revisions"}],"wp:attachment":[{"href":"https:\/\/linitiative.ca\/International\/wp-json\/wp\/v2\/media?parent=68099"}],"wp:term":[{"taxonomy":"category","embeddable":true,"href":"https:\/\/linitiative.ca\/International\/wp-json\/wp\/v2\/categories?post=68099"},{"taxonomy":"post_tag","embeddable":true,"href":"https:\/\/linitiative.ca\/International\/wp-json\/wp\/v2\/tags?post=68099"}],"curies":[{"name":"wp","href":"https:\/\/api.w.org\/{rel}","templated":true}]}}