{"id":68100,"date":"2019-11-20T09:34:02","date_gmt":"2019-11-20T14:34:02","guid":{"rendered":"https:\/\/linitiative.ca\/International\/sommet-de-la-cemac-les-ministres-preparent-les-dossiers-pour-les-chefs-detat\/"},"modified":"2019-11-20T09:34:02","modified_gmt":"2019-11-20T14:34:02","slug":"sommet-de-la-cemac-les-ministres-preparent-les-dossiers-pour-les-chefs-detat","status":"publish","type":"post","link":"https:\/\/linitiative.ca\/International\/sommet-de-la-cemac-les-ministres-preparent-les-dossiers-pour-les-chefs-detat\/","title":{"rendered":"Sommet de la CEMAC : les ministres pr\u00e9parent les dossiers pour les chefs d\u2019Etat"},"content":{"rendered":"<p>Les chefs d\u2019Etat des six pays de la Communaut\u00e9 \u00e9conomique et mon\u00e9taire d\u2019Afrique centrale (<strong>CEMAC<\/strong>) devraient se r\u00e9unir \u00e0 Yaound\u00e9, \u00e0 la fin de ce mois de novembre, au cours d\u2019un sommet extraordinaire convoqu\u00e9 par <strong>Paul Biya,<\/strong> pr\u00e9sident du Cameroun et pr\u00e9sident en exercice de l\u2019espace communautaire. En attendant la date effective de ces assises de haut niveau, leurs collaborateurs pr\u00e9parent le terrain. C\u2019est dans cette optique que se tient, ce mercredi 20 novembre 2019 dans la capitale camerounaise, la 34<sup>e<\/sup> session ordinaire du Comit\u00e9 des ministres de l\u2019Union \u00e9conomique d\u2019Afrique centrale (<strong>UEAC<\/strong>).<\/p>\n<hr\/>\n<h5>>> Lire aussi \u2013<a href=\"https:\/\/ecomatin.net\/reunion-des-ministres-de-la-cemac-en-prelude-au-sommet-des-chefs-detat\/\">R\u00e9union des ministres de la CEMAC en pr\u00e9lude au Sommet des chefs d\u2019Etat<\/a><\/h5>\n<hr\/>\n<p>Pr\u00e9sid\u00e9 par le ministre camerounais de l\u2019Economie, <strong>Alamine Ousmane Mey<\/strong>, <em>\u00ab\u00a0le Conseil des ministres aura pour mission premi\u00e8re de valider les r\u00e9solutions adopt\u00e9es par les membres de cette instance technique. Il en sera ainsi du projet de budget \u00e9quilibr\u00e9 en recettes et en d\u00e9penses \u00e0 88 milliards de FCFA, mais \u00e9galement de huit autres points du dernier Comit\u00e9 Inter-Etats\u00a0\u00bb<\/em>, indique un communiqu\u00e9 de la Commission de la CEMAC. Qui pr\u00e9cise par ailleurs que lesdites assises seront d\u00e9terminantes pour la pr\u00e9paration du sommet extraordinaire annonc\u00e9.<\/p>\n<p>La rencontre des chefs d\u2019Etat, selon plusieurs analyses et d\u00e9clarations, va porter sur plusieurs dossiers importants. En premier lieu, il s\u2019agira de se pencher sur les performances \u00e9conomiques de la sous-r\u00e9gion qui reste fragilis\u00e9e par la faiblesse du secteur p\u00e9trolier. L\u2019on a aussi la question d\u2019int\u00e9gration sous r\u00e9gionale qui plombe le commerce intra-communautaire, et rend faible le secteur non p\u00e9trolier dont la croissance a r\u00e9gress\u00e9 \u00e0 1,7% en 2018 contre 2,3% un an auparavant. Sans nul doute, les chefs d\u2019Etat d\u2019Afrique centrale vont \u00e9galement se pencher sur les questions s\u00e9curitaires dans plusieurs pays (Cameroun, R\u00e9publique centrafricaine\u2026) et qui ont un impact n\u00e9gatif sur le d\u00e9veloppement de l\u2019espace communautaire.<\/p>\n<hr\/>\n<h5>>> Lire aussi \u2013<a href=\"https:\/\/ecomatin.net\/reunion-des-ministres-de-la-cemac-en-prelude-au-sommet-des-chefs-detat\/\">R\u00e9union des ministres de la CEMAC en pr\u00e9lude au Sommet des chefs d\u2019Etat<\/a><\/h5>\n<hr\/>\n<p>Pour revenir aux travaux des ministres de l\u2019UEAC, il convient d\u2019indiquer que 15 ministres en charge de l\u2019Int\u00e9gration dans ces diff\u00e9rents pays participeront \u00e0 cette session. Parmi eux, <strong>F\u00e9lix Moloua<\/strong>, en charge de l\u2019Economie, du plan et de la coop\u00e9ration en Centrafrique\u00a0; <strong>Gilbert<\/strong> <strong>Ondongo<\/strong>, ministre d\u2019Etat, ministre de l\u2019Economie, de l\u2019industrie et du portefeuille public du Congo\u00a0; <strong>Roger Owono Mba<\/strong>, ministre de l\u2019Economie, des finances et des solidarit\u00e9s nationales du Gabon\u00a0; <strong>Baltasar Engonga Edjo\u2019o<\/strong>, ministre d\u2019Etat \u00e0 la pr\u00e9sidence de la R\u00e9publique de Guin\u00e9e Equatoriale, charg\u00e9 de l\u2019Int\u00e9gration r\u00e9gionale\u00a0; <strong>Issa Doubragne,<\/strong> ministre de l\u2019Economie et de la planification du d\u00e9veloppement du Tchad. <strong>Alamine Ousmane Mey<\/strong> et <strong>Louis Paul Motaze<\/strong> repr\u00e9sentent le Cameroun.<\/p>\n<div class=\"awac-wrapper awac widget blog_subscription-2\">\n<h4 class=\"widget-title\">Abonnez-vous \u00e0 notre lettre d&rsquo;information<\/h4>\n<\/div>\n<p>Auteur: EcoMatin<br \/>\n<a href=\"https:\/\/ecomatin.net\/sommet-de-la-cemac-les-ministres-preparent-les-dossiers-pour-les-chefs-detat\/\">Cliquez ici pour lire l&rsquo;article depuis sa source.<\/a><\/p>\n","protected":false},"excerpt":{"rendered":"<p>Les chefs d\u2019Etat des six pays de la Communaut\u00e9 \u00e9conomique et mon\u00e9taire d\u2019Afrique centrale (CEMAC) devraient se r\u00e9unir \u00e0 Yaound\u00e9, \u00e0 la fin de ce mois de novembre, au cours d\u2019un sommet extraordinaire convoqu\u00e9 par Paul Biya, pr\u00e9sident du Cameroun et pr\u00e9sident en exercice de l\u2019espace communautaire. En attendant la date effective de ces assises [&hellip;]<\/p>\n","protected":false},"author":1969,"featured_media":0,"comment_status":"closed","ping_status":"closed","sticky":false,"template":"","format":"standard","meta":{"fifu_image_url":"","fifu_image_alt":"","footnotes":""},"categories":[82,78],"tags":[],"class_list":["post-68100","post","type-post","status-publish","format-standard","hentry","category-cameroun","category-economie"],"_links":{"self":[{"href":"https:\/\/linitiative.ca\/International\/wp-json\/wp\/v2\/posts\/68100","targetHints":{"allow":["GET"]}}],"collection":[{"href":"https:\/\/linitiative.ca\/International\/wp-json\/wp\/v2\/posts"}],"about":[{"href":"https:\/\/linitiative.ca\/International\/wp-json\/wp\/v2\/types\/post"}],"author":[{"embeddable":true,"href":"https:\/\/linitiative.ca\/International\/wp-json\/wp\/v2\/users\/1969"}],"replies":[{"embeddable":true,"href":"https:\/\/linitiative.ca\/International\/wp-json\/wp\/v2\/comments?post=68100"}],"version-history":[{"count":0,"href":"https:\/\/linitiative.ca\/International\/wp-json\/wp\/v2\/posts\/68100\/revisions"}],"wp:attachment":[{"href":"https:\/\/linitiative.ca\/International\/wp-json\/wp\/v2\/media?parent=68100"}],"wp:term":[{"taxonomy":"category","embeddable":true,"href":"https:\/\/linitiative.ca\/International\/wp-json\/wp\/v2\/categories?post=68100"},{"taxonomy":"post_tag","embeddable":true,"href":"https:\/\/linitiative.ca\/International\/wp-json\/wp\/v2\/tags?post=68100"}],"curies":[{"name":"wp","href":"https:\/\/api.w.org\/{rel}","templated":true}]}}