{"id":68102,"date":"2019-11-20T10:02:26","date_gmt":"2019-11-20T15:02:26","guid":{"rendered":"https:\/\/linitiative.ca\/International\/la-france-accorde-1311-milliards-de-fcfa-pour-la-gestion-durable-des-forets-au-cameroun\/"},"modified":"2019-11-20T10:02:26","modified_gmt":"2019-11-20T15:02:26","slug":"la-france-accorde-1311-milliards-de-fcfa-pour-la-gestion-durable-des-forets-au-cameroun","status":"publish","type":"post","link":"https:\/\/linitiative.ca\/International\/la-france-accorde-1311-milliards-de-fcfa-pour-la-gestion-durable-des-forets-au-cameroun\/","title":{"rendered":"La France accorde 13,11 milliards de FCFA pour la gestion durable des for\u00eats au Cameroun"},"content":{"rendered":"<div class=\"featured-area featured-area-inner\"><img loading=\"lazy\" decoding=\"async\" width=\"400\" height=\"267\" src=\"https:\/\/i0.wp.com\/ecomatin.net\/wp-content\/uploads\/2019\/11\/Rainforest_Gabon.jpg?resize=400%2C267&#038;ssl=1\" class=\"attachment-jannah-image-post size-jannah-image-post wp-post-image\" alt=\"\" srcset=\"https:\/\/i0.wp.com\/ecomatin.net\/wp-content\/uploads\/2019\/11\/Rainforest_Gabon.jpg?w=400&#038;ssl=1 400w, https:\/\/i0.wp.com\/ecomatin.net\/wp-content\/uploads\/2019\/11\/Rainforest_Gabon.jpg?resize=300%2C200&#038;ssl=1 300w\" sizes=\"auto, (max-width: 400px) 100vw, 400px\" data-attachment-id=\"14756\" data-permalink=\"https:\/\/ecomatin.net\/la-france-accorde-1311-milliards-de-fcfa-pour-la-gestion-durable-des-forets-au-cameroun\/rainforest_gabon\/\" data-orig-file=\"https:\/\/i0.wp.com\/ecomatin.net\/wp-content\/uploads\/2019\/11\/Rainforest_Gabon.jpg?fit=400%2C267&#038;ssl=1\" data-orig-size=\"400,267\" data-comments-opened=\"0\" data-image-meta=\"{\"aperture\":\"0\",\"credit\":\"\",\"camera\":\"\",\"caption\":\"\",\"created_timestamp\":\"0\",\"copyright\":\"\",\"focal_length\":\"0\",\"iso\":\"0\",\"shutter_speed\":\"0\",\"title\":\"\",\"orientation\":\"0\"}\" data-image-title=\"Rainforest_Gabon\" data-image-description=\"\" data-medium-file=\"https:\/\/i0.wp.com\/ecomatin.net\/wp-content\/uploads\/2019\/11\/Rainforest_Gabon.jpg?fit=300%2C200&#038;ssl=1\" data-large-file=\"https:\/\/i0.wp.com\/ecomatin.net\/wp-content\/uploads\/2019\/11\/Rainforest_Gabon.jpg?fit=400%2C267&#038;ssl=1\"\/><\/div>\n<div class=\"entry-content entry clearfix\" readability=\"59\">\n<p>Le Contrat de D\u00e9sendettement et de d\u00e9veloppement (<strong>C2D<\/strong>), accorde une enveloppe de 20 millions d\u2019euros, soit <strong>13,11 milliards de FCFA<\/strong> au Cameroun pour accentuer la mise en place du programme de gestion durable des for\u00eats au Cameroun. Re\u00e7u par <strong>Jules Doret Ndongo<\/strong>, ministre des For\u00eats et de la faune (<strong>MINFOF<\/strong>), ce financement s\u2019inscrit en effet dans le cadre de la deuxi\u00e8me phase du Programme sectoriel for\u00eat environnement (<strong>PSFE2<\/strong>), financ\u00e9 par l\u2019Agence fran\u00e7aise de d\u00e9veloppement (<strong>AFD<\/strong>) et l\u2019Agence allemande de coop\u00e9ration (<strong>GIZ<\/strong>). Jeudi 14 novembre 2019, la c\u00e9r\u00e9monie de formalisation de ce financement pr\u00e9sid\u00e9e par le ministre des For\u00eats a \u00e9t\u00e9 l\u2019occasion d\u2019\u00e9valuer les premi\u00e8res r\u00e9alisations.<\/p>\n<p>Une premi\u00e8re tranche de 10,7 millions d\u2019euros a \u00e9t\u00e9 mise \u00e0 disposition de l\u2019Etat du Cameroun. Cet argent devra servir \u00e0 l\u2019am\u00e9nagement des for\u00eats de production du <strong>domaine forestier permanent<\/strong>, de la facilitation du d\u00e9veloppement d\u2019un Observatoire des for\u00eats. Pendant la mise en \u0153uvre du C2D-PSFE2, on a enregistr\u00e9 l\u2019am\u00e9lioration du cadre normatif et r\u00e9glementaire. Et le renforcement des capacit\u00e9s des parties prenantes \u00e0 l\u2019am\u00e9nagement forestier au Cameroun.<\/p>\n<p>Au cours de la premi\u00e8re phase, les interventions du C2D ont permis au MINFOF de se doter de <strong>huit \u00e9difices modernes<\/strong> et d\u2019amorcer de mani\u00e8re d\u00e9cisive une r\u00e9ponse au d\u00e9ficit infrastructurel des services d\u00e9concentr\u00e9s. Il y a eu aussi l\u2019unit\u00e9 op\u00e9rationnelle de gestion des statistiques foresti\u00e8res et fauniques, de l\u2019unit\u00e9 op\u00e9rationnelle de suivi du couvert forestier. D\u00e9sormais, gr\u00e2ce \u00e0 ces acquis, le Cameroun dispose d\u2019un outil qui participe \u00e0 la gestion de statistiques dont le r\u00e9sultat est la production annuelle des donn\u00e9es.<\/p>\n<div class=\"awac-wrapper awac widget blog_subscription-2\">\n<h4 class=\"widget-title\">Abonnez-vous \u00e0 notre lettre d&rsquo;information<\/h4>\n<\/div>\n<\/div>\n<p>Auteur: EcoMatin<br \/>\n<a href=\"https:\/\/ecomatin.net\/la-france-accorde-1311-milliards-de-fcfa-pour-la-gestion-durable-des-forets-au-cameroun\/\">Cliquez ici pour lire l&rsquo;article depuis sa source.<\/a><\/p>\n","protected":false},"excerpt":{"rendered":"<p>Le Contrat de D\u00e9sendettement et de d\u00e9veloppement (C2D), accorde une enveloppe de 20 millions d\u2019euros, soit 13,11 milliards de FCFA au Cameroun pour accentuer la mise en place du programme de gestion durable des for\u00eats au Cameroun. Re\u00e7u par Jules Doret Ndongo, ministre des For\u00eats et de la faune (MINFOF), ce financement s\u2019inscrit en effet [&hellip;]<\/p>\n","protected":false},"author":1969,"featured_media":0,"comment_status":"closed","ping_status":"closed","sticky":false,"template":"","format":"standard","meta":{"fifu_image_url":"","fifu_image_alt":"","footnotes":""},"categories":[82,78],"tags":[],"class_list":["post-68102","post","type-post","status-publish","format-standard","hentry","category-cameroun","category-economie"],"_links":{"self":[{"href":"https:\/\/linitiative.ca\/International\/wp-json\/wp\/v2\/posts\/68102","targetHints":{"allow":["GET"]}}],"collection":[{"href":"https:\/\/linitiative.ca\/International\/wp-json\/wp\/v2\/posts"}],"about":[{"href":"https:\/\/linitiative.ca\/International\/wp-json\/wp\/v2\/types\/post"}],"author":[{"embeddable":true,"href":"https:\/\/linitiative.ca\/International\/wp-json\/wp\/v2\/users\/1969"}],"replies":[{"embeddable":true,"href":"https:\/\/linitiative.ca\/International\/wp-json\/wp\/v2\/comments?post=68102"}],"version-history":[{"count":0,"href":"https:\/\/linitiative.ca\/International\/wp-json\/wp\/v2\/posts\/68102\/revisions"}],"wp:attachment":[{"href":"https:\/\/linitiative.ca\/International\/wp-json\/wp\/v2\/media?parent=68102"}],"wp:term":[{"taxonomy":"category","embeddable":true,"href":"https:\/\/linitiative.ca\/International\/wp-json\/wp\/v2\/categories?post=68102"},{"taxonomy":"post_tag","embeddable":true,"href":"https:\/\/linitiative.ca\/International\/wp-json\/wp\/v2\/tags?post=68102"}],"curies":[{"name":"wp","href":"https:\/\/api.w.org\/{rel}","templated":true}]}}