{"id":68103,"date":"2019-11-20T12:00:11","date_gmt":"2019-11-20T17:00:11","guid":{"rendered":"https:\/\/linitiative.ca\/International\/paul-biya-recoit-ses-homologues-de-la-cemac-en-session-extraordinaire-ce-vendredi-22-novembre\/"},"modified":"2019-11-20T12:00:11","modified_gmt":"2019-11-20T17:00:11","slug":"paul-biya-recoit-ses-homologues-de-la-cemac-en-session-extraordinaire-ce-vendredi-22-novembre","status":"publish","type":"post","link":"https:\/\/linitiative.ca\/International\/paul-biya-recoit-ses-homologues-de-la-cemac-en-session-extraordinaire-ce-vendredi-22-novembre\/","title":{"rendered":"Paul Biya re\u00e7oit ses homologues de la CEMAC en session extraordinaire ce vendredi 22 novembre"},"content":{"rendered":"<p>Jeudi 21 novembre 2019, Yaound\u00e9, la capitale camerounaise, va accueillir les chefs d\u2019Etat de la Communaut\u00e9 \u00e9conomique et mon\u00e9taire d\u2019Afrique centrale (<strong>CEMAC<\/strong>). Ils sont invit\u00e9s \u00e0 participer au sommet extraordinaire de la Conf\u00e9rence des chefs d\u2019Etat de la sous-r\u00e9gion, convoqu\u00e9e par le pr\u00e9sident en exercice, <strong>Paul Biya<\/strong>, du Cameroun. Le programme pr\u00e9voit que les dirigeants des six pays de la CEMAC (Cameroun, Congo, Centrafrique, Gabon, Guin\u00e9e Equatoriale et Tchad) se retrouvent vendredi 22 novembre, avec comme principaux points \u00e0 l\u2019ordre du jour l\u2019examen du rapport des travaux des ministres en charge de l\u2019Int\u00e9gration de l\u2019Union \u00e9conomique d\u2019Afrique centrale (<strong>UEAC<\/strong>), tenue le 20 novembre. Les pr\u00e9sidents de la CEMAC vont plancher sur certains points importants de la vie de la communaut\u00e9 avant de prendre des d\u00e9cisions et donner des directives.<\/p>\n<p>Parmi les plus importants sujets sur lesquels les chefs d\u2019Etat vont plancher, l\u2019on a en bonne place la <strong>situation \u00e9conomique de la CEMAC<\/strong>. La session extraordinaire de la Conf\u00e9rence des chefs d\u2019Etat se tient en effet \u00e0 un moment o\u00f9 la conjoncture \u00e9conomique est encore difficile, m\u00eame si des signaux de reprises se font sentir. Ces derni\u00e8res ann\u00e9es, les cours des mati\u00e8res premi\u00e8res, dont le p\u00e9trole, ont fortement<br \/>chut\u00e9. Associ\u00e9e \u00e0 d\u2019autres chocs exog\u00e8nes comme la persistance de la menace terroriste et de nombreuses manifestations d\u2019ins\u00e9curit\u00e9. Situation qui a<br \/>profond\u00e9ment contribu\u00e9 \u00e0 fragiliser les \u00e9conomies de la zone. Malgr\u00e9 toutes ces difficult\u00e9s, la croissance semble de retour, et les perspectives \u00e9conomiques pour les trois prochaines ann\u00e9es sont favorables. Le <strong>taux de croissance<\/strong> devrait s\u2019\u00e9tablir autour de <strong>3,2% en 2019 et 3,5% en 2020 et 2021<\/strong>.<\/p>\n<p>Paul Biya et ses homologues vont \u00e9galement parler du <strong>financement de la CEMAC<\/strong>. Le faible recouvrement des ressources de la Communaut\u00e9 \u00e0 travers le m\u00e9canisme de la <strong>Taxe communautaire d\u2019int\u00e9gration (TCI)<\/strong> hypoth\u00e8que en effet les performances attendues des institutions communautaires dans leurs missions traditionnelles d\u00e9di\u00e9es aux r\u00e9ponses attendues par les populations. Avec des ressources cons\u00e9quentes, la CEMAC devrait \u00eatre en mesure de doter le Fonds de d\u00e9veloppement communautaire (<strong>FODEC<\/strong>) de capacit\u00e9s \u00e0 structurer seul ou avec des partenaires, des financements \u00e0 m\u00eame d\u2019accompagner les Etats dans la mise en place des projets communautaires de d\u00e9veloppement.<\/p>\n<p>Autre sujet important\u00a0: les <strong>imp\u00e9ratifs s\u00e9curitaires<\/strong> auxquels font face les Etats membres de la CEMAC. Ces situations pourraient, si l\u2019on n\u2019y prend garde, saper tous les efforts de relance de la croissance, de la diversification de l\u2019\u00e9conomie et de l\u2019int\u00e9gration de leurs populations. Malgr\u00e9 la signature, le 6 f\u00e9vrier 2019, des Accords de paix de Khartoum entre le gouvernement centrafricain et 14 groupes arm\u00e9s centrafricains, de <strong>nombreux foyers de tensions<\/strong> persistent dans la sous-r\u00e9gion et exigent une mobilisation permanente de l\u2019ensemble de la Communaut\u00e9. Par exemple, le calme doit imp\u00e9rativement revenir dans <strong>les r\u00e9gions du Nord-ouest et du Sud-ouest du Cameroun<\/strong>. Il est aussi question que les chefs d\u2019Etat poursuivent la lutte contre le terrorisme perp\u00e9tr\u00e9 par la <strong>secte islamiste Boko haram<\/strong> dans le Bassin du lac Tchad.<\/p>\n<p>L\u2019<strong>int\u00e9gration \u00e9conomique sous r\u00e9gionale<\/strong> fait \u00e9galement partie des sujets cruciaux, ainsi que la libre circulation des personnes et des biens dans l\u2019espace communautaire. De l\u2019avis des analystes, elle ne peut \u00eatre totale que si elles reposent sur un socle s\u00e9curitaire coul\u00e9 dans le b\u00e9ton d\u2019une solidarit\u00e9 sous r\u00e9gionale encore plus r\u00e9affirm\u00e9e.<\/p>\n<p>La <strong>question du franc CFA<\/strong> sera \u00e9galement abord\u00e9e. D\u2019ailleurs, selon certaines d\u00e9clarations, elle serait cruciale. La monnaie h\u00e9rit\u00e9e de la colonisation divise les \u00e9conomistes et les chefs d\u2019Etat de la zone Franc depuis de longs mois. Elle est pr\u00e9sent\u00e9e par de nombreux experts en finances comme un frein au d\u00e9veloppement. Ceux qui sont pour le maintien du Franc CFA, avancent l\u2019argument de la stabilit\u00e9 qu\u2019offre cette monnaie face aux sp\u00e9culations. Mais, d\u2019autres tendances estiment que la zone Franc, dans laquelle se retrouve la CEMAC, gagnerait \u00e0 s\u2019en dissocier. Autant de dossiers sur lesquels se prononceront les chefs d\u2019Etat dans leur communiqu\u00e9 final qui sera connu \u00e0 la fin de leur sommet extraordinaire.<\/p>\n<div class=\"awac-wrapper awac widget blog_subscription-2\">\n<h4 class=\"widget-title\">Abonnez-vous \u00e0 notre lettre d&rsquo;information<\/h4>\n<\/div>\n<p>Auteur: EcoMatin<br \/>\n<a href=\"https:\/\/ecomatin.net\/paul-biya-recoit-ses-homologues-de-la-cemac-en-session-extraordinaire-ce-vendredi-22-novembre\/\">Cliquez ici pour lire l&rsquo;article depuis sa source.<\/a><\/p>\n","protected":false},"excerpt":{"rendered":"<p>Jeudi 21 novembre 2019, Yaound\u00e9, la capitale camerounaise, va accueillir les chefs d\u2019Etat de la Communaut\u00e9 \u00e9conomique et mon\u00e9taire d\u2019Afrique centrale (CEMAC). Ils sont invit\u00e9s \u00e0 participer au sommet extraordinaire de la Conf\u00e9rence des chefs d\u2019Etat de la sous-r\u00e9gion, convoqu\u00e9e par le pr\u00e9sident en exercice, Paul Biya, du Cameroun. Le programme pr\u00e9voit que les dirigeants [&hellip;]<\/p>\n","protected":false},"author":1969,"featured_media":0,"comment_status":"closed","ping_status":"closed","sticky":false,"template":"","format":"standard","meta":{"fifu_image_url":"","fifu_image_alt":"","footnotes":""},"categories":[82,78],"tags":[],"class_list":["post-68103","post","type-post","status-publish","format-standard","hentry","category-cameroun","category-economie"],"_links":{"self":[{"href":"https:\/\/linitiative.ca\/International\/wp-json\/wp\/v2\/posts\/68103","targetHints":{"allow":["GET"]}}],"collection":[{"href":"https:\/\/linitiative.ca\/International\/wp-json\/wp\/v2\/posts"}],"about":[{"href":"https:\/\/linitiative.ca\/International\/wp-json\/wp\/v2\/types\/post"}],"author":[{"embeddable":true,"href":"https:\/\/linitiative.ca\/International\/wp-json\/wp\/v2\/users\/1969"}],"replies":[{"embeddable":true,"href":"https:\/\/linitiative.ca\/International\/wp-json\/wp\/v2\/comments?post=68103"}],"version-history":[{"count":0,"href":"https:\/\/linitiative.ca\/International\/wp-json\/wp\/v2\/posts\/68103\/revisions"}],"wp:attachment":[{"href":"https:\/\/linitiative.ca\/International\/wp-json\/wp\/v2\/media?parent=68103"}],"wp:term":[{"taxonomy":"category","embeddable":true,"href":"https:\/\/linitiative.ca\/International\/wp-json\/wp\/v2\/categories?post=68103"},{"taxonomy":"post_tag","embeddable":true,"href":"https:\/\/linitiative.ca\/International\/wp-json\/wp\/v2\/tags?post=68103"}],"curies":[{"name":"wp","href":"https:\/\/api.w.org\/{rel}","templated":true}]}}