{"id":68104,"date":"2019-11-21T08:28:40","date_gmt":"2019-11-21T13:28:40","guid":{"rendered":"https:\/\/linitiative.ca\/International\/le-fifm-celebre-le-parcours-de-quatre-grandes-figures-du-cinema-international\/"},"modified":"2019-11-21T08:28:40","modified_gmt":"2019-11-21T13:28:40","slug":"le-fifm-celebre-le-parcours-de-quatre-grandes-figures-du-cinema-international","status":"publish","type":"post","link":"https:\/\/linitiative.ca\/International\/le-fifm-celebre-le-parcours-de-quatre-grandes-figures-du-cinema-international\/","title":{"rendered":"Le FIFM c\u00e9l\u00e8bre le parcours de quatre grandes figures du cin\u00e9ma international"},"content":{"rendered":"<p><img decoding=\"async\" class=\"post_layout_5_img\" src=\"http:\/\/aujourdhui.ma\/wp-content\/uploads\/2019\/11\/Robert-Redford-Bertrand-Tavernier-Mouna-Fettou-et-Priyanka-Chopra.jpg?x29840\" alt=\"Le FIFM c\u00e9l\u00e8bre le parcours de quatre grandes figures du cin\u00e9ma international\"\/><\/p>\n<p class=\"p1\"><span class=\"c4\"><strong>Des hommages \u00e0 Robert Redford, Bertrand Tavernier, Mouna Fettou et Priyanka Chopra<\/strong><\/span><span id=\"more-324160\"\/><\/p>\n<div class=\"base-box mom_box_sc_custom mom_box_sc clear c5\" readability=\"10\">\n<p class=\"p1\"><span class=\"s1\"><strong>V\u00e9ritable ic\u00f4ne\u00a0<\/strong><\/span><span class=\"s1\"><strong>du cin\u00e9ma dans\u00a0<\/strong><\/span><span class=\"s1\"><strong>le Royaume,\u00a0<\/strong><\/span><span class=\"s1\"><strong>Mouna Fettou a marqu\u00e9 de son charme, de sa spontan\u00e9it\u00e9 et de son talent le cin\u00e9ma marocain depuis pr\u00e8s de 30 ans.<\/strong><\/span><\/p>\n<\/div>\n<p class=\"p1\"><span class=\"s1\">Apr\u00e8s avoir annonc\u00e9 le c\u00e9l\u00e8bre am\u00e9ricain Robert Redford, la 18\u00e8me \u00e9dition du Festival international du film de Marrakech (FIFM) rendra hommage cette fois-ci \u00e0 d\u2019autres grands noms du cin\u00e9ma international aux parcours aussi diff\u00e9rents qu\u2019exceptionnels. Il s\u2019agit, selon le communiqu\u00e9 du FIFM, du grand cin\u00e9aste fran\u00e7ais Bertrand Tavernier, l\u2019actrice marocaine Mouna Fettou et l\u2019ic\u00f4ne indienne Priyanka Chopra. <em>\u00abA travers ces hommages, le Festival entend c\u00e9l\u00e9brer toute la diversit\u00e9 du cin\u00e9ma\u00bb,<\/em> indique la m\u00eame source. En rendant hommage \u00e0 Bertrand Tavernier, le Festival honore une carri\u00e8re et une vie d\u2019exception d\u00e9di\u00e9es \u00e0 la cr\u00e9ation et au cin\u00e9ma.<\/span><\/p>\n<p class=\"p1\"><span class=\"s1\">Il faut dire que Tavernier croise, tr\u00e8s jeune, le chemin du cin\u00e9ma dans lequel il s\u2019engage passionn\u00e9ment et profond\u00e9ment. Il est r\u00e9alisateur, auteur et producteur. Il a non seulement sign\u00e9 quelques-unes des \u0153uvres majeures du cin\u00e9ma fran\u00e7ais telles que Le Juge et l\u2019Assassin, Autour de minuit ou L\u2019app\u00e2t mais il est \u00e9galement une tr\u00e8s grande figure de la cin\u00e9philie qui a publi\u00e9 plusieurs ouvrages de r\u00e9f\u00e9rence sur le cin\u00e9ma, en plus d\u2019\u00eatre le pr\u00e9sident du tr\u00e8s prestigieux Institut Lumi\u00e8re \u00e0 Lyon. <em>\u00abMarrakech m\u2019a laiss\u00e9 des souvenirs inoubliables. Revenir est une joie indispensable. Revoir le pays, montrer mes films et dialoguer avec le public, discuter avec les \u00e9tudiants, rencontrer des cin\u00e9astes et auteurs marocains, hommes et femmes. Les \u00e9couter. Partager. S\u2019enrichir\u00bb<\/em>, affirme-t-il dans le cadre de sa participation au FIFM. La 18\u00e8me \u00e9dition honorera le parcours de l\u2019actrice marocaine Mouna Fettou.<\/span><\/p>\n<p class=\"p1\"><span class=\"s1\">V\u00e9ritable ic\u00f4ne du cin\u00e9ma dans le Royaume, cette figure a marqu\u00e9 de son charme, de sa spontan\u00e9it\u00e9 et de son talent le cin\u00e9ma marocain depuis pr\u00e8s de 30 ans. Depuis son premier grand r\u00f4le dans \u00abUn amour \u00e0 Casablanca\u00bb en 1992, elle a multipli\u00e9 les apparitions remarqu\u00e9es au cin\u00e9ma et \u00e0 la t\u00e9l\u00e9vision, campant des r\u00f4les devenus mythiques dans la m\u00e9moire collective marocaine, et passant avec \u00e9l\u00e9gance de la com\u00e9die populaire au drame engag\u00e9. A propos de son hommage, elle avoue qu\u2019elle <em>\u00abgarde un merveilleux souvenir lorsqu\u2019en 2006 j\u2019en fus la ma\u00eetresse de c\u00e9r\u00e9monie. Cette ann\u00e9e, mon \u00e9motion est grande de recevoir l\u2019hommage de ce festival prestigieux. Quel honneur que cette cons\u00e9cration au milieu de mes pairs du Maroc et de l\u2019\u00e9tranger ! Ma fiert\u00e9 n\u2019a d\u2019\u00e9gal que mon impatience de vous y retrouver\u00bb.<\/em> Apr\u00e8s avoir pris part au festival en 2012, la star indienne revient \u00e0 la ville ocre pour recevoir cette fois-ci l\u2019\u00e9toile d\u2019or du FIFM. Selon les organisateurs, elle sera honor\u00e9e \u00e0 la place mythique Jemaa El Fna. A ce sujet elle indique que c\u2019est un r\u00e9el honneur pour elle <em>\u00abd\u2019\u00eatre accueillie pour recevoir un hommage en pr\u00e9sence du grand public marocain sur la place Jemaa El Fna, un public qui m\u2019a toujours manifest\u00e9 son soutien et son int\u00e9r\u00eat tout au long de ma carri\u00e8re\u00bb.<\/em><\/span><\/p>\n<p class=\"p3\"><span class=\"s1\"><strong>Douze grands noms du cin\u00e9ma partagent leurs exp\u00e9riences avec le public de Marrakech<\/strong><\/span><\/p>\n<p class=\"p1\"><span class=\"s1\">Apr\u00e8s les homm<\/span><span class=\"s2\">ages, les \u00abConversations with\u00bb est l\u2019un des temps forts du Festival international du film de Marrakech. Fort de ce succ\u00e8s, le Festival r\u00e9\u00e9dite l\u2019exp\u00e9rience et d\u00e9veloppe le concept, passant de 7 \u00e0 11 conversations. Et une nouvelle fois, quelques-uns des plus grands noms du cin\u00e9ma international ont confirm\u00e9 leur participation \u00e0 ce rendez-vous majeur du FIFM. Professionnels du cin\u00e9ma, m\u00e9dias et grand public iront ainsi \u00e0 la rencontre du cin\u00e9aste, acteur et producteur am\u00e9ricain, l\u2019immense Robert Redford ainsi que de l\u2019actrice fran\u00e7aise oscaris\u00e9e Marion Cotillard. Le multi-r\u00e9compens\u00e9 r\u00e9alisateur palestinien Elia Suleiman a, lui aussi, confirm\u00e9 sa pr\u00e9sence au m\u00eame titre que le producteur britannique ind\u00e9pendant Jeremy Thomas (Le dernier empereur, Only lovers left alive) ou encore l\u2019acteur am\u00e9ricain culte Harvey Keitel, qui s\u2019est distingu\u00e9 dans de grands succ\u00e8s plan\u00e9taires comme Thelma et Louise, La Le\u00e7on de Piano ou Pulp Fiction.<\/span><\/p>\n<p class=\"p1\"><span class=\"s2\">Le r\u00e9alisateur Bertrand Tavernier, g\u00e9ant du cin\u00e9ma fran\u00e7ais, viendra partager les enseignements de sa longue carri\u00e8re et son \u00e9rudition cin\u00e9phile avec le public de Marrakech. D\u2019Ukraine, le Festival accueille le r\u00e9alisateur Sergei Loznitsa pour un voyage cin\u00e9matographique et culturel qui s\u2019annonce captivant. Les nombreux amateurs du cin\u00e9ma indien auront rendez-vous avec l\u2019ic\u00f4ne de Bollywood Priyanka Chopra Jonas.<span class=\"Apple-converted-space\">\u00a0<\/span> Autre grand moment de cette s\u00e9rie de conversations, l\u2019\u00e9change crois\u00e9 entre les passionnantes et engag\u00e9es actrices Golshifteh Farahani (Iran) et Hend Sabry (Tunisie). Le tr\u00e8s estim\u00e9 r\u00e9alisateur italien Luca Guadagnino et le grand acteur fran\u00e7ais d\u2019origine marocaine Roschdy Zem viennent cl\u00f4turer cette liste prestigieuse.<\/span><\/p>\n<p>Auteur: Siham Jadraoui<br \/>\n<a href=\"http:\/\/aujourdhui.ma\/culture\/cinema\/le-fifm-celebre-le-parcours-de-quatre-grandes-figures-du-cinema-international\">Cliquez ici pour lire l&rsquo;article depuis sa source.<\/a><\/p>\n","protected":false},"excerpt":{"rendered":"<p>Des hommages \u00e0 Robert Redford, Bertrand Tavernier, Mouna Fettou et Priyanka Chopra V\u00e9ritable ic\u00f4ne\u00a0du cin\u00e9ma dans\u00a0le Royaume,\u00a0Mouna Fettou a marqu\u00e9 de son charme, de sa spontan\u00e9it\u00e9 et de son talent le cin\u00e9ma marocain depuis pr\u00e8s de 30 ans. Apr\u00e8s avoir annonc\u00e9 le c\u00e9l\u00e8bre am\u00e9ricain Robert Redford, la 18\u00e8me \u00e9dition du Festival international du film de [&hellip;]<\/p>\n","protected":false},"author":1759,"featured_media":0,"comment_status":"closed","ping_status":"closed","sticky":false,"template":"","format":"standard","meta":{"fifu_image_url":"","fifu_image_alt":"","footnotes":""},"categories":[73,54],"tags":[],"class_list":["post-68104","post","type-post","status-publish","format-standard","hentry","category-actualite","category-maroc"],"_links":{"self":[{"href":"https:\/\/linitiative.ca\/International\/wp-json\/wp\/v2\/posts\/68104","targetHints":{"allow":["GET"]}}],"collection":[{"href":"https:\/\/linitiative.ca\/International\/wp-json\/wp\/v2\/posts"}],"about":[{"href":"https:\/\/linitiative.ca\/International\/wp-json\/wp\/v2\/types\/post"}],"author":[{"embeddable":true,"href":"https:\/\/linitiative.ca\/International\/wp-json\/wp\/v2\/users\/1759"}],"replies":[{"embeddable":true,"href":"https:\/\/linitiative.ca\/International\/wp-json\/wp\/v2\/comments?post=68104"}],"version-history":[{"count":0,"href":"https:\/\/linitiative.ca\/International\/wp-json\/wp\/v2\/posts\/68104\/revisions"}],"wp:attachment":[{"href":"https:\/\/linitiative.ca\/International\/wp-json\/wp\/v2\/media?parent=68104"}],"wp:term":[{"taxonomy":"category","embeddable":true,"href":"https:\/\/linitiative.ca\/International\/wp-json\/wp\/v2\/categories?post=68104"},{"taxonomy":"post_tag","embeddable":true,"href":"https:\/\/linitiative.ca\/International\/wp-json\/wp\/v2\/tags?post=68104"}],"curies":[{"name":"wp","href":"https:\/\/api.w.org\/{rel}","templated":true}]}}