{"id":68105,"date":"2019-11-21T08:49:30","date_gmt":"2019-11-21T13:49:30","guid":{"rendered":"https:\/\/linitiative.ca\/International\/inzegane-arrete-pour-avoir-fait-chanter-une-jeune-fille\/"},"modified":"2019-11-21T08:49:30","modified_gmt":"2019-11-21T13:49:30","slug":"inzegane-arrete-pour-avoir-fait-chanter-une-jeune-fille","status":"publish","type":"post","link":"https:\/\/linitiative.ca\/International\/inzegane-arrete-pour-avoir-fait-chanter-une-jeune-fille\/","title":{"rendered":"Inzegane : Arr\u00eat\u00e9 pour avoir fait chanter une jeune fille"},"content":{"rendered":"<header>\n<\/header>\n<div class=\"entry-content clearfix\" readability=\"48\"><img decoding=\"async\" class=\"post_layout_5_img\" src=\"http:\/\/aujourdhui.ma\/wp-content\/uploads\/2019\/11\/re%CC%81seaux-sociaux.jpg?x29840\" alt=\"Inzegane : Arr\u00eat\u00e9 pour avoir fait chanter une jeune fille\"\/><\/p>\n<p class=\"p1\"><span class=\"c4\"><strong>Pour avoir fait chanter une jeune fille en la mena\u00e7ant de publier ses photos sur les r\u00e9seaux sociaux, un jeune homme a \u00e9t\u00e9 \u00e9pingl\u00e9, samedi dernier, par les \u00e9l\u00e9ments de la police judiciaire relevant du district d\u2019Inzegane.<\/strong><\/span><span id=\"more-324169\"\/><\/p>\n<p class=\"p1\">D\u00e8s qu\u2019ils ont re\u00e7u la plainte de la jeune fille ils se sont mobilis\u00e9s pour tirer l\u2019affaire au clair. La jeune fille a expliqu\u00e9 aux policiers que le jeune homme a pu copier ses photos enregistr\u00e9es dans la puce de son propre t\u00e9l\u00e9phone portable et les enregistrer dans la sienne.<\/p>\n<p class=\"p1\">D\u00e8s lors, il a commenc\u00e9 \u00e0 la faire chanter en la mena\u00e7ant de les publier sur les r\u00e9seaux sociaux si elle ne lui versait pas une somme de dix mille dirhams. Ainsi les limiers lui ont demand\u00e9 de faire semblant d\u2019acquiescer. Effectivement elle a fix\u00e9 un rendez-vous avec le ma\u00eetre chanteur. Alors qu\u2019il s\u2019appr\u00eatait \u00e0 recevoir ladite somme, les policiers lui sont tomb\u00e9s dessus.<\/p>\n<\/div>\n<p>Auteur: Abderrafii ALOUMLIKI<br \/>\n<a href=\"http:\/\/aujourdhui.ma\/faits-divers\/inzegane-arrete-pour-avoir-fait-chanter-une-jeune-fille\">Cliquez ici pour lire l&rsquo;article depuis sa source.<\/a><\/p>\n","protected":false},"excerpt":{"rendered":"<p>Pour avoir fait chanter une jeune fille en la mena\u00e7ant de publier ses photos sur les r\u00e9seaux sociaux, un jeune homme a \u00e9t\u00e9 \u00e9pingl\u00e9, samedi dernier, par les \u00e9l\u00e9ments de la police judiciaire relevant du district d\u2019Inzegane. D\u00e8s qu\u2019ils ont re\u00e7u la plainte de la jeune fille ils se sont mobilis\u00e9s pour tirer l\u2019affaire au [&hellip;]<\/p>\n","protected":false},"author":1759,"featured_media":0,"comment_status":"closed","ping_status":"closed","sticky":false,"template":"","format":"standard","meta":{"fifu_image_url":"","fifu_image_alt":"","footnotes":""},"categories":[73,54],"tags":[],"class_list":["post-68105","post","type-post","status-publish","format-standard","hentry","category-actualite","category-maroc"],"_links":{"self":[{"href":"https:\/\/linitiative.ca\/International\/wp-json\/wp\/v2\/posts\/68105","targetHints":{"allow":["GET"]}}],"collection":[{"href":"https:\/\/linitiative.ca\/International\/wp-json\/wp\/v2\/posts"}],"about":[{"href":"https:\/\/linitiative.ca\/International\/wp-json\/wp\/v2\/types\/post"}],"author":[{"embeddable":true,"href":"https:\/\/linitiative.ca\/International\/wp-json\/wp\/v2\/users\/1759"}],"replies":[{"embeddable":true,"href":"https:\/\/linitiative.ca\/International\/wp-json\/wp\/v2\/comments?post=68105"}],"version-history":[{"count":0,"href":"https:\/\/linitiative.ca\/International\/wp-json\/wp\/v2\/posts\/68105\/revisions"}],"wp:attachment":[{"href":"https:\/\/linitiative.ca\/International\/wp-json\/wp\/v2\/media?parent=68105"}],"wp:term":[{"taxonomy":"category","embeddable":true,"href":"https:\/\/linitiative.ca\/International\/wp-json\/wp\/v2\/categories?post=68105"},{"taxonomy":"post_tag","embeddable":true,"href":"https:\/\/linitiative.ca\/International\/wp-json\/wp\/v2\/tags?post=68105"}],"curies":[{"name":"wp","href":"https:\/\/api.w.org\/{rel}","templated":true}]}}