{"id":68106,"date":"2019-11-21T08:52:43","date_gmt":"2019-11-21T13:52:43","guid":{"rendered":"https:\/\/linitiative.ca\/International\/midelt-un-pere-de-famille-tue-son-epouse-a-cause-du-whatsapp\/"},"modified":"2019-11-21T08:52:43","modified_gmt":"2019-11-21T13:52:43","slug":"midelt-un-pere-de-famille-tue-son-epouse-a-cause-du-whatsapp","status":"publish","type":"post","link":"https:\/\/linitiative.ca\/International\/midelt-un-pere-de-famille-tue-son-epouse-a-cause-du-whatsapp\/","title":{"rendered":"Midelt : Un p\u00e8re de famille tue son \u00e9pouse \u00e0 cause du WhatsApp"},"content":{"rendered":"<header>\n<\/header>\n<div class=\"entry-content clearfix\" readability=\"54\"><img decoding=\"async\" class=\"post_layout_5_img\" src=\"http:\/\/aujourdhui.ma\/wp-content\/uploads\/2016\/03\/Victime-crime-Police.jpg?x29840\" alt=\"Midelt : Un p\u00e8re de famille tue son \u00e9pouse \u00e0 cause du WhatsApp\"\/><\/p>\n<p class=\"p1\"><span class=\"s1\"><span class=\"c4\"><strong>Au quartier Iromlil, \u00e0 Midelt, un p\u00e8re de famille a mis fin, le matin du vendredi dernier, \u00e0 la vie de son \u00e9pouse, m\u00e8re de deux enfants, en lui ass\u00e9nant plusieurs coups de couteau.<\/strong><\/span><\/span> <span id=\"more-324171\"\/><\/p>\n<p class=\"p1\"><span class=\"s1\">En effet, l\u2019\u00e9poux semble avoir perdu le contr\u00f4le de ses nerfs quand il a lu les conversations de son \u00e9pouse, via le WhatsApp, avec d\u2019autres personnes. Il lui a demand\u00e9 des explications sur l\u2019identit\u00e9 des personnes avec lesquelles elle conversait. Mais en vain. Elle a gard\u00e9 le silence.<\/span><\/p>\n<p class=\"p1\"><span class=\"s1\">Hors de lui il a saisi un couteau pour lui ass\u00e9ner plusieurs coups. Enfin, il s\u2019est tenu devant le cadavre de sa femme qui gisait dans une mare de sang tout en attendant l\u2019arriv\u00e9e de la police. Le cadavre de la d\u00e9funte a \u00e9t\u00e9 \u00e9vacu\u00e9<span class=\"Apple-converted-space\">\u00a0<\/span> vers le service de la morgue \u00e0 l\u2019h\u00f4pital de Midelt afin d\u2019\u00eatre autopsi\u00e9. Arr\u00eat\u00e9 et soumis aux interrogatoires, le mis en cause qui a \u00e9t\u00e9 traduit devant le parquet g\u00e9n\u00e9ral pr\u00e8s la Cour d\u2019appel lundi dernier, a avou\u00e9 avoir tu\u00e9 son \u00e9pouse parce qu\u2019il doutait fort que sa femme le trompait.<\/span><\/p>\n<\/div>\n<p>Auteur: Abderrafii ALOUMLIKI<br \/>\n<a href=\"http:\/\/aujourdhui.ma\/faits-divers\/midelt-un-pere-de-famille-tue-son-epouse-a-cause-du-whatsapp\">Cliquez ici pour lire l&rsquo;article depuis sa source.<\/a><\/p>\n","protected":false},"excerpt":{"rendered":"<p>Au quartier Iromlil, \u00e0 Midelt, un p\u00e8re de famille a mis fin, le matin du vendredi dernier, \u00e0 la vie de son \u00e9pouse, m\u00e8re de deux enfants, en lui ass\u00e9nant plusieurs coups de couteau. En effet, l\u2019\u00e9poux semble avoir perdu le contr\u00f4le de ses nerfs quand il a lu les conversations de son \u00e9pouse, via [&hellip;]<\/p>\n","protected":false},"author":1759,"featured_media":0,"comment_status":"closed","ping_status":"closed","sticky":false,"template":"","format":"standard","meta":{"fifu_image_url":"","fifu_image_alt":"","footnotes":""},"categories":[73,54],"tags":[],"class_list":["post-68106","post","type-post","status-publish","format-standard","hentry","category-actualite","category-maroc"],"_links":{"self":[{"href":"https:\/\/linitiative.ca\/International\/wp-json\/wp\/v2\/posts\/68106","targetHints":{"allow":["GET"]}}],"collection":[{"href":"https:\/\/linitiative.ca\/International\/wp-json\/wp\/v2\/posts"}],"about":[{"href":"https:\/\/linitiative.ca\/International\/wp-json\/wp\/v2\/types\/post"}],"author":[{"embeddable":true,"href":"https:\/\/linitiative.ca\/International\/wp-json\/wp\/v2\/users\/1759"}],"replies":[{"embeddable":true,"href":"https:\/\/linitiative.ca\/International\/wp-json\/wp\/v2\/comments?post=68106"}],"version-history":[{"count":0,"href":"https:\/\/linitiative.ca\/International\/wp-json\/wp\/v2\/posts\/68106\/revisions"}],"wp:attachment":[{"href":"https:\/\/linitiative.ca\/International\/wp-json\/wp\/v2\/media?parent=68106"}],"wp:term":[{"taxonomy":"category","embeddable":true,"href":"https:\/\/linitiative.ca\/International\/wp-json\/wp\/v2\/categories?post=68106"},{"taxonomy":"post_tag","embeddable":true,"href":"https:\/\/linitiative.ca\/International\/wp-json\/wp\/v2\/tags?post=68106"}],"curies":[{"name":"wp","href":"https:\/\/api.w.org\/{rel}","templated":true}]}}