{"id":68107,"date":"2019-11-21T10:00:43","date_gmt":"2019-11-21T15:00:43","guid":{"rendered":"https:\/\/linitiative.ca\/International\/asilah-la-degradation-de-la-qualite-des-soins-a-lhopital-local-suscite-la-grogne\/"},"modified":"2019-11-21T10:00:43","modified_gmt":"2019-11-21T15:00:43","slug":"asilah-la-degradation-de-la-qualite-des-soins-a-lhopital-local-suscite-la-grogne","status":"publish","type":"post","link":"https:\/\/linitiative.ca\/International\/asilah-la-degradation-de-la-qualite-des-soins-a-lhopital-local-suscite-la-grogne\/","title":{"rendered":"Asilah : La d\u00e9gradation de la qualit\u00e9 des soins \u00e0 l\u2019h\u00f4pital local suscite la grogne"},"content":{"rendered":"<p><img decoding=\"async\" class=\"post_layout_5_img\" src=\"http:\/\/aujourdhui.ma\/wp-content\/uploads\/2019\/11\/Asilah-protestataires-de%CC%81gradation-de-la-qualite%CC%81-des-soins-a%CC%80-l%E2%80%99ho%CC%82pital-local.jpg?x29840\" alt=\"Asilah : La d\u00e9gradation de la qualit\u00e9 des soins \u00e0 l\u2019h\u00f4pital local suscite la grogne\"\/><\/p>\n<p class=\"p1\"><strong><span class=\"s1 c4\"><em>Les habitants souffrent \u00e9galement, et depuis longtemps, de l\u2019absence de pharmacies de garde de nuit<\/em><\/span><\/strong><span id=\"more-324149\"\/><\/p>\n<div class=\"base-box mom_box_sc_custom mom_box_sc clear c5\" readability=\"10\">\n<p class=\"p1\"><strong><em>Les protestataires ont d\u00e9plor\u00e9 le fait qu\u2019Asilah ne dispose que d\u2019un seul \u00e9tablissement hospitalier, dont les capacit\u00e9s d\u2019accueil sont en de\u00e7\u00e0 des besoins d\u2019une population d\u2019environ 30 mille habitants et autres communes rurales voisines.<\/em><\/strong><\/p>\n<\/div>\n<p class=\"p1\"><span class=\"s1\">Les Za\u00eflachis souffrent d\u2019un \u00e9norme d\u00e9ficit d\u2019infrastructures sanitaires. En r\u00e9ponse de l\u2019appel des repr\u00e9sentants de la soci\u00e9t\u00e9 civile locale, des dizaines d\u2019habitants viennent d\u2019observer un deuxi\u00e8me sit-in de contestation devant les locaux de l\u2019h\u00f4pital d\u2019Asilah. \u00ab<em>Nous avons entam\u00e9 ce mouvement de protestation avec un premier sit-in, tenu vendredi 8 novembre devant le m\u00eame \u00e9tablissement hospitalier local. Il a \u00e9t\u00e9 suivi une semaine apr\u00e8s par un deuxi\u00e8me pour pouvoir attirer l\u2019attention des responsables sur la situation d\u00e9plorable dans laquelle se trouve l\u2019h\u00f4pital local d\u2019Asilah. Nous pr\u00e9voyons une s\u00e9rie d\u2019autres sit-in tous les vendredis apr\u00e8s les pri\u00e8res de Dohr ou Al Asr devant cet \u00e9tablissement hospitalier ou le pachalik pour faire entendre notre voix\u00bb,<\/em> selon l\u2019un des membres de l\u2019\u00e9quipe organisatrice de cette manifestation de protestation.<\/span><\/p>\n<p class=\"p1\"><span class=\"s1\">Les protestataires ont d\u00e9plor\u00e9 le fait qu\u2019Asilah ne dispose que d\u2019un seul \u00e9tablissement hospitalier, dont les capacit\u00e9s d\u2019accueil sont en de\u00e7\u00e0 des besoins d\u2019une population d\u2019environ 30 mille habitants et autres communes rurales voisines. <em>\u00abNous r\u00e9clamons l\u2019am\u00e9lioration de l\u2019offre de sant\u00e9 \u00e0 Asilah. Un grand nombre d\u2019habitants de la ville n\u2019a pas les moyens de se rendre \u00e0 Tanger pour se faire soigner. Car l\u2019h\u00f4pital d\u2019Asilah manque presque de tout\u00bb,<\/em> a fait savoir Awatif Asri, femme au foyer, avant d\u2019ajouter que <em>\u00abje connais des femmes qui se sont endett\u00e9es pendant leur grossesse pour pouvoir accoucher dans des cliniques \u00e0 Tanger. Et ce pour \u00e9viter le manque de soins et d\u2019entretien \u00e0 l\u2019h\u00f4pital local\u00bb.<\/em><\/span><\/p>\n<p class=\"p1\"><span class=\"s1\">A l\u2019instar des autres \u00e9tablissements hospitaliers publics des petites communes urbaines, l\u2019h\u00f4pital local d\u2019Asilah, qui compte 46 lits, ne dispose pas de plusieurs sp\u00e9cialit\u00e9s. Pour se faire soigner, un grand nombre d\u2019habitants se rend aux \u00e9tablissements hospitaliers pr\u00e9fectoraux et r\u00e9gionaux, dont l\u2019h\u00f4pital Mohammed V de Tanger qui accueille le plus grand nombre de patients venus d\u2019autres villes<span class=\"Apple-converted-space\">\u00a0<\/span> et zones rurales de la r\u00e9gion.<\/span><\/p>\n<p class=\"p1\"><span class=\"s1\">Concernant le manque de ressources humaines, la direction r\u00e9gionale de la sant\u00e9 de Tanger-T\u00e9touan-Al Hoceima avait indiqu\u00e9 dans un communiqu\u00e9 \u00e9mis<span class=\"Apple-converted-space\">\u00a0<\/span> r\u00e9cemment qu\u2019elle travaillait conjointement avec le d\u00e9partement de tutelle sur un projet de renforcement du personnel m\u00e9dical de l\u2019h\u00f4pital local d\u2019Asilah. Les responsables de cette direction r\u00e9gionale avaient fait part, \u00e0 travers ce m\u00eame communiqu\u00e9, qu\u2019ils avaient tenu une r\u00e9union avec les autorit\u00e9s locales pour dresser l\u2019\u00e9tat des lieux des services de l\u2019h\u00f4pital Asilah. Cette r\u00e9union visait, a ajout\u00e9 la m\u00eame source, la mise en place d\u2019un plan d\u2019action pour l\u2019am\u00e9lioration de qualit\u00e9 des soins dans cet h\u00f4pital afin de mieux r\u00e9pondre aux attentes de la population locale.<\/span><\/p>\n<p class=\"p1\"><span class=\"s1\">Notons qu\u2019en plus des services hospitaliers, les Za\u00eflachis souffrent depuis longtemps de l\u2019absence de pharmacies de garde de nuit. Les 9 officines que compte la ville restent ouvertes toute la journ\u00e9e, jusqu\u2019\u00e0 22 h. Mais elles continuent, sans aucune raison valable, de maintenir leur suspension de la garde de nuit.<\/span><\/p>\n<p>Auteur: Najat Fa\u00efssal<br \/>\n<a href=\"http:\/\/aujourdhui.ma\/societe\/asilah-la-degradation-de-la-qualite-des-soins-a-lhopital-local-suscite-la-grogne\">Cliquez ici pour lire l&rsquo;article depuis sa source.<\/a><\/p>\n","protected":false},"excerpt":{"rendered":"<p>Les habitants souffrent \u00e9galement, et depuis longtemps, de l\u2019absence de pharmacies de garde de nuit Les protestataires ont d\u00e9plor\u00e9 le fait qu\u2019Asilah ne dispose que d\u2019un seul \u00e9tablissement hospitalier, dont les capacit\u00e9s d\u2019accueil sont en de\u00e7\u00e0 des besoins d\u2019une population d\u2019environ 30 mille habitants et autres communes rurales voisines. Les Za\u00eflachis souffrent d\u2019un \u00e9norme d\u00e9ficit [&hellip;]<\/p>\n","protected":false},"author":1759,"featured_media":0,"comment_status":"closed","ping_status":"closed","sticky":false,"template":"","format":"standard","meta":{"fifu_image_url":"","fifu_image_alt":"","footnotes":""},"categories":[73,54],"tags":[],"class_list":["post-68107","post","type-post","status-publish","format-standard","hentry","category-actualite","category-maroc"],"_links":{"self":[{"href":"https:\/\/linitiative.ca\/International\/wp-json\/wp\/v2\/posts\/68107","targetHints":{"allow":["GET"]}}],"collection":[{"href":"https:\/\/linitiative.ca\/International\/wp-json\/wp\/v2\/posts"}],"about":[{"href":"https:\/\/linitiative.ca\/International\/wp-json\/wp\/v2\/types\/post"}],"author":[{"embeddable":true,"href":"https:\/\/linitiative.ca\/International\/wp-json\/wp\/v2\/users\/1759"}],"replies":[{"embeddable":true,"href":"https:\/\/linitiative.ca\/International\/wp-json\/wp\/v2\/comments?post=68107"}],"version-history":[{"count":0,"href":"https:\/\/linitiative.ca\/International\/wp-json\/wp\/v2\/posts\/68107\/revisions"}],"wp:attachment":[{"href":"https:\/\/linitiative.ca\/International\/wp-json\/wp\/v2\/media?parent=68107"}],"wp:term":[{"taxonomy":"category","embeddable":true,"href":"https:\/\/linitiative.ca\/International\/wp-json\/wp\/v2\/categories?post=68107"},{"taxonomy":"post_tag","embeddable":true,"href":"https:\/\/linitiative.ca\/International\/wp-json\/wp\/v2\/tags?post=68107"}],"curies":[{"name":"wp","href":"https:\/\/api.w.org\/{rel}","templated":true}]}}