{"id":68109,"date":"2019-11-21T06:38:08","date_gmt":"2019-11-21T11:38:08","guid":{"rendered":"https:\/\/linitiative.ca\/International\/%ef%bb%bfle-19-novembre-decrete-journee-du-maroc-a-los-angeles\/"},"modified":"2019-11-21T06:38:08","modified_gmt":"2019-11-21T11:38:08","slug":"%ef%bb%bfle-19-novembre-decrete-journee-du-maroc-a-los-angeles","status":"publish","type":"post","link":"https:\/\/linitiative.ca\/International\/%ef%bb%bfle-19-novembre-decrete-journee-du-maroc-a-los-angeles\/","title":{"rendered":"\ufeffLe 19 novembre d\u00e9cr\u00e9t\u00e9 \u00abJourn\u00e9e du Maroc \u00e0 Los Angeles\u00bb"},"content":{"rendered":"<p class=\"has-text-color has-vivid-red-color c2\"><strong>SAR la Princesse Lalla Hasnaa pr\u00e9side \u00e0 Los Angeles un D\u00eener de Gala<\/strong><\/p>\n<p class=\"has-text-color has-vivid-cyan-blue-color c3\"><strong><em>Son Altesse Royale la Princesse Lalla Hasnaa a pr\u00e9sid\u00e9, mardi soir \u00e0 Los Angeles, un D\u00eener de Gala qui honore la Dynastie Alaouite en tant que \u00abDynastie de Tol\u00e9rance\u00bb, organis\u00e9 par la Congr\u00e9gation \u00abEm Habanim Sephardic Congregation and Community Center\u00bb.<\/em><\/strong><\/p>\n<p>L\u2019ancien maire de Los Angeles, Antonio Villaraigosa, a donn\u00e9 lecture de la Proclamation de la Journ\u00e9e du Maroc, le 19 novembre, \u00e0 Los Angeles, en reconnaissance de l\u2019engagement Royal pour la tol\u00e9rance et la paix, avant de la remettre \u00e0 Son Altesse Royale.<\/p>\n<p>SAR la princesse Lalla Hasnaa a ensuite proc\u00e9d\u00e9, au nom de Sa Majest\u00e9 le Roi, \u00e0 la d\u00e9coration de M. Maurice Marciano, Homme d\u2019affaires, des insignes de Commandeur du Wissam Al Arch, et de MM. Jack Rimokh, Homme d\u2019affaires, Sidney Chriqui, pr\u00e9sident fondateur de la congr\u00e9gation Em Habanim et le Rabbin Joshua Bitton, chef spirituel de la congr\u00e9gation de Hebanim Sephardic, des insignes d\u2019Officier du Wissam Al Arch.<\/p>\n<p>Maurice Marciano est un homme d\u2019affaires de renom. Apr\u00e8s sa retraite en 2012, il a notamment rejoint le conseil d\u2019administration du Mus\u00e9e d\u2019art contemporain (MOCA).<\/p>\n<p>Natif de F\u00e8s, M. Jack Rimokh a cr\u00e9\u00e9 une des plus grandes entreprises de la maroquinerie au monde. Il est l\u2019un des leaders respect\u00e9s de ce secteur.<\/p>\n<p>M. Sidney Chriqui est n\u00e9 \u00e0 Casablanca et \u00e9tudi\u00e9 \u00e0 l\u2019Ecole Industrielle et Commerciale. En 1948, il a immigr\u00e9 aux \u00c9tats-Unis o\u00f9 il a travaill\u00e9 pour le Corps des ing\u00e9nieurs menant une prestigieuse carri\u00e8re de 40 ans dans des postes de responsabilit\u00e9s sur quatre continents.<\/p>\n<p>L\u2019un des fondateurs de la congr\u00e9gation Em Habanim Sephardic en 1974, M. Chriqui est po\u00e8te et \u00e9crivain. Il est auteur notamment d\u2019un livre sur le Maroc.<\/p>\n<p>N\u00e9 \u00e0 Ouazzane et r\u00e9sidant \u00e0 Los Angeles depuis plus de 45 ans, le Rabbin Joshua Bittan est conf\u00e9rencier parlant couramment quatre langues. Il combine un point de vue s\u00e9farade\/marocain traditionnel avec une connaissance approfondie des r\u00e9alit\u00e9s et des d\u00e9fis de la soci\u00e9t\u00e9 moderne.<\/p>\n<p>Dans des d\u00e9clarations \u00e0 l\u2019issue de la remise des d\u00e9corations, les r\u00e9cipiendaires ont fait part de leur profonde \u00e9motion et leur grande fiert\u00e9 d\u2019\u00eatre ainsi distingu\u00e9s par Sa Majest\u00e9, tout en exprimant leur immense gratitude et leur profonde reconnaissance \u00e0 SM le Roi Mohammed VI, Commandeur des croyants, pour le r\u00f4le crucial du Souverain dans la protection de la communaut\u00e9 juive du Maroc, la pr\u00e9servation du patrimoine jud\u00e9o-marocain et la promotion de la tol\u00e9rance et le vivre-ensemble.<\/p>\n<p>Par la suite, il a \u00e9t\u00e9 pr\u00e9sent\u00e9 \u00e0 Son Altesse Royale le Livre d\u2019Or, un album de t\u00e9moignages de la communaut\u00e9 juive marocaine qui perp\u00e9tue l\u2019h\u00e9ritage marocain aux Etats-Unis, ainsi que les d\u00e9clarations de l\u2019Assembl\u00e9e et du S\u00e9nat de l\u2019Etat de Californie reconnaissant SM le Roi Mohammed VI et sa Nation comme tol\u00e9rants et combattants l\u2019antis\u00e9mitisme en Afrique du Nord.<\/p>\n<p>Son Altesse Royale a ensuite pr\u00e9sid\u00e9 le d\u00eener de Gala pour honorer la Dynastie Alaouite en tant que \u00abDynastie de Tol\u00e9rance\u00bb.<\/p>\n<p>La soir\u00e9e a \u00e9t\u00e9 marqu\u00e9e par une animation musicale assur\u00e9e par les artistes Amine Debbi, Michel Abikhzer, Moshe Louk et Mohamed Ba Jaddoub.<\/p>\n<p>Par la suite, SAR la Princesse Lalla Hasnaa a suivi une lecture de cr\u00e9ations po\u00e9tiques de M. Sidney Chriqui, une allocution de M. Albert Ifrah, pr\u00e9sident de la congr\u00e9gation Habanim S\u00e9pharade et de M. David Suissa, \u00e9diteur du Los Angeles Jewish Journal, qui ont soulign\u00e9 leur fiert\u00e9 de leur h\u00e9ritage marocain et leur immense attachement \u00e0 leur pays d\u2019origine, le Maroc, exprimant leur estime et consid\u00e9ration \u00e0 l\u2019endroit de l\u2019auguste personne de SM le Roi Mohammed VI pour Sa vision et Son leadership sur la sc\u00e8ne internationale en faveur de la paix, la tol\u00e9rance et le dialogue interreligieux.<\/p>\n<p>Auteur: M&rsquo;hammed rahal<br \/>\n<a href=\"http:\/\/albayane.press.ma\/%EF%BB%BFle-19-novembre-decrete-journee-du-maroc-a-los-angeles.html\">Cliquez ici pour lire l&rsquo;article depuis sa source.<\/a><\/p>\n","protected":false},"excerpt":{"rendered":"<p>SAR la Princesse Lalla Hasnaa pr\u00e9side \u00e0 Los Angeles un D\u00eener de Gala Son Altesse Royale la Princesse Lalla Hasnaa a pr\u00e9sid\u00e9, mardi soir \u00e0 Los Angeles, un D\u00eener de Gala qui honore la Dynastie Alaouite en tant que \u00abDynastie de Tol\u00e9rance\u00bb, organis\u00e9 par la Congr\u00e9gation \u00abEm Habanim Sephardic Congregation and Community Center\u00bb. L\u2019ancien maire [&hellip;]<\/p>\n","protected":false},"author":1760,"featured_media":0,"comment_status":"closed","ping_status":"closed","sticky":false,"template":"","format":"standard","meta":{"fifu_image_url":"","fifu_image_alt":"","footnotes":""},"categories":[73,54],"tags":[],"class_list":["post-68109","post","type-post","status-publish","format-standard","hentry","category-actualite","category-maroc"],"_links":{"self":[{"href":"https:\/\/linitiative.ca\/International\/wp-json\/wp\/v2\/posts\/68109","targetHints":{"allow":["GET"]}}],"collection":[{"href":"https:\/\/linitiative.ca\/International\/wp-json\/wp\/v2\/posts"}],"about":[{"href":"https:\/\/linitiative.ca\/International\/wp-json\/wp\/v2\/types\/post"}],"author":[{"embeddable":true,"href":"https:\/\/linitiative.ca\/International\/wp-json\/wp\/v2\/users\/1760"}],"replies":[{"embeddable":true,"href":"https:\/\/linitiative.ca\/International\/wp-json\/wp\/v2\/comments?post=68109"}],"version-history":[{"count":0,"href":"https:\/\/linitiative.ca\/International\/wp-json\/wp\/v2\/posts\/68109\/revisions"}],"wp:attachment":[{"href":"https:\/\/linitiative.ca\/International\/wp-json\/wp\/v2\/media?parent=68109"}],"wp:term":[{"taxonomy":"category","embeddable":true,"href":"https:\/\/linitiative.ca\/International\/wp-json\/wp\/v2\/categories?post=68109"},{"taxonomy":"post_tag","embeddable":true,"href":"https:\/\/linitiative.ca\/International\/wp-json\/wp\/v2\/tags?post=68109"}],"curies":[{"name":"wp","href":"https:\/\/api.w.org\/{rel}","templated":true}]}}