{"id":68110,"date":"2019-11-21T07:16:33","date_gmt":"2019-11-21T12:16:33","guid":{"rendered":"https:\/\/linitiative.ca\/International\/du-grabuge-dans-le-secteur-du-transport-le-syndicat-rejette-toute-idee-de-greve\/"},"modified":"2019-11-21T07:16:33","modified_gmt":"2019-11-21T12:16:33","slug":"du-grabuge-dans-le-secteur-du-transport-le-syndicat-rejette-toute-idee-de-greve","status":"publish","type":"post","link":"https:\/\/linitiative.ca\/International\/du-grabuge-dans-le-secteur-du-transport-le-syndicat-rejette-toute-idee-de-greve\/","title":{"rendered":"Du grabuge dans le secteur du transport : Le syndicat rejette toute id\u00e9e de gr\u00e8ve"},"content":{"rendered":"<p>Le secr\u00e9taire g\u00e9n\u00e9ral de la F\u00e9d\u00e9ration des Transports (FT), Mohamed Turki, a affirm\u00e9 que la FT ne proc\u00e9derait \u00e0 aucune action de protestation ou d\u2019escalade apr\u00e8s un round de n\u00e9gociation qui a dur\u00e9 des heures avec le ministre des Transports par int\u00e9rim, Ren\u00e9 Trabelsi, au si\u00e8ge du minist\u00e8re.<\/p>\n<p>Turki a indiqu\u00e9 que la r\u00e9union avait port\u00e9 sur la situation des transports maritimes, a\u00e9riens et terrestres, et sur la question du renvoi du secr\u00e9taire g\u00e9n\u00e9ral du syndicat de base des agents d\u2019exploitation de la Soci\u00e9t\u00e9 nationale de transport interurbain, Issa Touil, par le PDG. Il a estim\u00e9 que ce renvoi a \u00e9t\u00e9 per\u00e7u comme une provocation par la F\u00e9d\u00e9ration des transports qui a appel\u00e9 mardi dans une d\u00e9claration ses adh\u00e9rents dans ses principaux syndicats de base \u00e0 organiser un sit-in ouvert en solidarit\u00e9 avec leur coll\u00e8gue \u00ab victime d\u2019un renvoi arbitraire \u00bb, estimant que cette d\u00e9cision \u00ab violait le droit syndical au sein de l\u2019entreprise \u00bb.<\/p>\n<p>Le syndicaliste a annonc\u00e9 qu\u2019une deuxi\u00e8me r\u00e9union doit se tenir, aujourd\u2019hui, entre la partie syndicale et le secr\u00e9taire aux Transports, Adel Jarboui, au si\u00e8ge du minist\u00e8re. Il a fait \u00e9tat de \u00ab signes positifs en faveur de la r\u00e9solution des probl\u00e8mes en suspens \u00bb, dont le plus important est de soutenir les transports terrestre, a\u00e9rien et maritime et la recherche d\u2019un r\u00e8glement du probl\u00e8me de renvoi du secr\u00e9taire g\u00e9n\u00e9ral du syndicat des agents d\u2019exploitation de la soci\u00e9t\u00e9 nationale de transport interurbain.<\/p>\n<p>Il a \u00e9galement d\u00e9menti l\u2019intention de mener une gr\u00e8ve dans le transport en r\u00e9ponse \u00e0 ce renvoi qualifi\u00e9 d&rsquo; \u00bbarbitraire \u00bb, pr\u00e9cisant que la f\u00e9d\u00e9ration avait pr\u00e9vu d\u2019organiser un sit-in au sein de l\u2019entreprise pour exiger de lever cette sanction. \u00ab Cet agent avait pr\u00e9sent\u00e9 son t\u00e9moignage \u00e0 la justice sur son entr\u00e9e en Alg\u00e9rie pour effectuer des travaux de maintenance des autobus apr\u00e8s avoir re\u00e7u les consignes de son pr\u00e9sident \u00bb, a-t-il fait valoir.<\/p>\n<p>\u00ab Ce t\u00e9moignage avait abouti \u00e0 une s\u00e9rie de mesures punitives, dont la derni\u00e8re en date \u00e9tait son renvoi arbitraire \u00bb a ajout\u00e9 le secr\u00e9taire g\u00e9n\u00e9ral, affirmant que la f\u00e9d\u00e9ration \u00ab soutient l\u2019engagement des autorit\u00e9s judiciaires dans tous les dossiers li\u00e9s \u00e0 des soup\u00e7ons de corruption et ne peut d\u00e9fendre les personnes reconnues coupables de gaspillage de fonds publics \u00bb.<\/p>\n<p>Sur un autre plan, il a r\u00e9v\u00e9l\u00e9 qu\u2019au cours de la r\u00e9union, qui a dur\u00e9 environ quatre heures, la partie syndicale a per\u00e7u des signes positifs, notamment l\u2019augmentation du budget des entreprises de transport \u00e0 500 millions de dinars dans le budget de l\u2019Etat pour 2020, contre 450 millions de dinars l\u2019ann\u00e9e pr\u00e9c\u00e9dente, ainsi que la promesse de payer des redevances pour le transport gratuit, d\u2019une valeur de 44 millions de dinars d\u2019arri\u00e9r\u00e9s pour le compte de l\u2019Etat.<\/p>\n<p class=\"dpsp-share-text\">Partager c&rsquo;est aimer!<\/p>\n<div class=\"wp-post-author-wrap wp-post-author-shortcode left\">\n<h3 class=\"awpa-title\"\/>\n<div class=\"wp-post-author\">\n<div class=\"awpa-img awpa-author-block square\"><a href=\"http:\/\/lexpertjournal.net\/fr\/author\/expert\/\"><img loading=\"lazy\" decoding=\"async\" alt=\"\" src=\"http:\/\/2.gravatar.com\/avatar\/56d99be2a6f97af88ccb49fada637fcd?s=150&#038;d=mm&#038;r=g\" srcset=\"http:\/\/2.gravatar.com\/avatar\/56d99be2a6f97af88ccb49fada637fcd?s=300&#038;d=mm&#038;r=g 2x\" class=\"avatar avatar-150 photo\" height=\"150\" width=\"150\"\/><\/a><\/div>\n<\/div>\n<\/div>\n<p>Auteur: L&rsquo;expert<br \/>\n<a href=\"http:\/\/lexpertjournal.net\/fr\/2019\/11\/21\/du-grabuge-dans-le-secteur-du-transport-le-syndicat-rejette-toute-idee-de-greve\/\">Cliquez ici pour lire l&rsquo;article depuis sa source.<\/a><\/p>\n","protected":false},"excerpt":{"rendered":"<p>Le secr\u00e9taire g\u00e9n\u00e9ral de la F\u00e9d\u00e9ration des Transports (FT), Mohamed Turki, a affirm\u00e9 que la FT ne proc\u00e9derait \u00e0 aucune action de protestation ou d\u2019escalade apr\u00e8s un round de n\u00e9gociation qui a dur\u00e9 des heures avec le ministre des Transports par int\u00e9rim, Ren\u00e9 Trabelsi, au si\u00e8ge du minist\u00e8re. Turki a indiqu\u00e9 que la r\u00e9union avait [&hellip;]<\/p>\n","protected":false},"author":1775,"featured_media":0,"comment_status":"closed","ping_status":"closed","sticky":false,"template":"","format":"standard","meta":{"fifu_image_url":"","fifu_image_alt":"","footnotes":""},"categories":[78,55],"tags":[],"class_list":["post-68110","post","type-post","status-publish","format-standard","hentry","category-economie","category-tunisie"],"_links":{"self":[{"href":"https:\/\/linitiative.ca\/International\/wp-json\/wp\/v2\/posts\/68110","targetHints":{"allow":["GET"]}}],"collection":[{"href":"https:\/\/linitiative.ca\/International\/wp-json\/wp\/v2\/posts"}],"about":[{"href":"https:\/\/linitiative.ca\/International\/wp-json\/wp\/v2\/types\/post"}],"author":[{"embeddable":true,"href":"https:\/\/linitiative.ca\/International\/wp-json\/wp\/v2\/users\/1775"}],"replies":[{"embeddable":true,"href":"https:\/\/linitiative.ca\/International\/wp-json\/wp\/v2\/comments?post=68110"}],"version-history":[{"count":0,"href":"https:\/\/linitiative.ca\/International\/wp-json\/wp\/v2\/posts\/68110\/revisions"}],"wp:attachment":[{"href":"https:\/\/linitiative.ca\/International\/wp-json\/wp\/v2\/media?parent=68110"}],"wp:term":[{"taxonomy":"category","embeddable":true,"href":"https:\/\/linitiative.ca\/International\/wp-json\/wp\/v2\/categories?post=68110"},{"taxonomy":"post_tag","embeddable":true,"href":"https:\/\/linitiative.ca\/International\/wp-json\/wp\/v2\/tags?post=68110"}],"curies":[{"name":"wp","href":"https:\/\/api.w.org\/{rel}","templated":true}]}}