{"id":68111,"date":"2019-11-21T07:18:45","date_gmt":"2019-11-21T12:18:45","guid":{"rendered":"https:\/\/linitiative.ca\/International\/kais-saied-a-siliana-et-au-kef-des-conditions-a-ameliorer-dans-le-domaine-de-lenseignement\/"},"modified":"2019-11-21T07:18:45","modified_gmt":"2019-11-21T12:18:45","slug":"kais-saied-a-siliana-et-au-kef-des-conditions-a-ameliorer-dans-le-domaine-de-lenseignement","status":"publish","type":"post","link":"https:\/\/linitiative.ca\/International\/kais-saied-a-siliana-et-au-kef-des-conditions-a-ameliorer-dans-le-domaine-de-lenseignement\/","title":{"rendered":"Ka\u00efs Sa\u00efed \u00e0 Siliana et au Kef : Des conditions \u00e0 am\u00e9liorer dans le domaine de l\u2019enseignement"},"content":{"rendered":"<p>Le pr\u00e9sident de la R\u00e9publique, Ka\u00efs Sa\u00efed, s\u2019est rendu mercredi \u00e0 l\u2019\u00e9cole secondaire du Krib (gouvernorat de Siliana), o\u00f9 il a pris connaissance des conditions d\u2019enseignement et d\u2019h\u00e9bergement.<\/p>\n<p>Le pr\u00e9sident de la R\u00e9publique, qui a effectu\u00e9 une visite dans ce gouvernorat puis dans le gouvernorat voisin du Kef, a soulign\u00e9 la n\u00e9cessit\u00e9 d\u2019\u0153uvrer \u00e0 l\u2019am\u00e9lioration des conditions d\u2019enseignement afin que les \u00e9tudiants puissent pers\u00e9v\u00e9rer et r\u00e9ussir leurs \u00e9tudes, indique un communiqu\u00e9 de la pr\u00e9sidence de la r\u00e9publique.<\/p>\n<p>Le chef de l\u2019Etat a visit\u00e9 lors de son d\u00e9placement dans le gouvernorat du Kef l\u2019\u00e9cole sup\u00e9rieure d\u2019agriculture de la r\u00e9gion et s\u2019est entretenu avec son directeur et son personnel enseignant. Il a soulign\u00e9 la n\u00e9cessit\u00e9 d\u2019une r\u00e9forme radicale du syst\u00e8me \u00e9ducatif afin d\u2019\u00e9viter toutes ces lacunes.<\/p>\n<p>Ka\u00efs Sa\u00efed a tenu au si\u00e8ge du gouvernorat du Kef une s\u00e9ance de travail avec les cadres de la r\u00e9gion portant sur les divers probl\u00e8mes rencontr\u00e9s par les citoyens, li\u00e9s notamment \u00e0 l\u2019emploi et \u00e0 la sant\u00e9.<\/p>\n<p>Il a \u00e9galement \u00e9cout\u00e9 une d\u00e9l\u00e9gation de jeunes de la r\u00e9gion, les appelant \u00e0 s\u2019atteler \u00e0 \u00e9laborer leurs visions et leurs propositions et soulignant la volont\u00e9 de la pr\u00e9sidence de suivre ces questions et de trouver les solutions l\u00e9gislatives \u00e0 ces dossiers.<\/p>\n<p>Le pr\u00e9sident de la r\u00e9publique a d\u00e9clar\u00e9 auparavant que le d\u00e9veloppement des zones de l\u2019int\u00e9rieur, y compris la r\u00e9gion du Kef, n\u00e9cessite l\u2019adoption d\u2019une \u00ab nouvelle l\u00e9gislation r\u00e9pondant aux pr\u00e9occupations des citoyens \u00bb, regrettant qu\u2019une \u00ab l\u00e9gislation incompl\u00e8te \u00bb constitue \u00ab un obstacle \u00e0 la recherche de solutions \u00e0 ces revendications du d\u00e9veloppement, notamment en termes de longueur des proc\u00e9dures, de complexit\u00e9 et de parties impliqu\u00e9es \u00bb.<\/p>\n<p class=\"dpsp-share-text\">Partager c&rsquo;est aimer!<\/p>\n<div class=\"wp-post-author-wrap wp-post-author-shortcode left\">\n<h3 class=\"awpa-title\"\/>\n<div class=\"wp-post-author\">\n<div class=\"awpa-img awpa-author-block square\"><a href=\"http:\/\/lexpertjournal.net\/fr\/author\/expert\/\"><img loading=\"lazy\" decoding=\"async\" alt=\"\" src=\"http:\/\/2.gravatar.com\/avatar\/56d99be2a6f97af88ccb49fada637fcd?s=150&#038;d=mm&#038;r=g\" srcset=\"http:\/\/2.gravatar.com\/avatar\/56d99be2a6f97af88ccb49fada637fcd?s=300&#038;d=mm&#038;r=g 2x\" class=\"avatar avatar-150 photo\" height=\"150\" width=\"150\"\/><\/a><\/div>\n<\/div>\n<\/div>\n<p>Auteur: L&rsquo;expert<br \/>\n<a href=\"http:\/\/lexpertjournal.net\/fr\/2019\/11\/21\/kais-saied-a-siliana-et-au-kef-des-conditions-a-ameliorer-dans-le-domaine-de-lenseignement\/\">Cliquez ici pour lire l&rsquo;article depuis sa source.<\/a><\/p>\n","protected":false},"excerpt":{"rendered":"<p>Le pr\u00e9sident de la R\u00e9publique, Ka\u00efs Sa\u00efed, s\u2019est rendu mercredi \u00e0 l\u2019\u00e9cole secondaire du Krib (gouvernorat de Siliana), o\u00f9 il a pris connaissance des conditions d\u2019enseignement et d\u2019h\u00e9bergement. Le pr\u00e9sident de la R\u00e9publique, qui a effectu\u00e9 une visite dans ce gouvernorat puis dans le gouvernorat voisin du Kef, a soulign\u00e9 la n\u00e9cessit\u00e9 d\u2019\u0153uvrer \u00e0 l\u2019am\u00e9lioration [&hellip;]<\/p>\n","protected":false},"author":1775,"featured_media":0,"comment_status":"closed","ping_status":"closed","sticky":false,"template":"","format":"standard","meta":{"fifu_image_url":"","fifu_image_alt":"","footnotes":""},"categories":[78,55],"tags":[],"class_list":["post-68111","post","type-post","status-publish","format-standard","hentry","category-economie","category-tunisie"],"_links":{"self":[{"href":"https:\/\/linitiative.ca\/International\/wp-json\/wp\/v2\/posts\/68111","targetHints":{"allow":["GET"]}}],"collection":[{"href":"https:\/\/linitiative.ca\/International\/wp-json\/wp\/v2\/posts"}],"about":[{"href":"https:\/\/linitiative.ca\/International\/wp-json\/wp\/v2\/types\/post"}],"author":[{"embeddable":true,"href":"https:\/\/linitiative.ca\/International\/wp-json\/wp\/v2\/users\/1775"}],"replies":[{"embeddable":true,"href":"https:\/\/linitiative.ca\/International\/wp-json\/wp\/v2\/comments?post=68111"}],"version-history":[{"count":0,"href":"https:\/\/linitiative.ca\/International\/wp-json\/wp\/v2\/posts\/68111\/revisions"}],"wp:attachment":[{"href":"https:\/\/linitiative.ca\/International\/wp-json\/wp\/v2\/media?parent=68111"}],"wp:term":[{"taxonomy":"category","embeddable":true,"href":"https:\/\/linitiative.ca\/International\/wp-json\/wp\/v2\/categories?post=68111"},{"taxonomy":"post_tag","embeddable":true,"href":"https:\/\/linitiative.ca\/International\/wp-json\/wp\/v2\/tags?post=68111"}],"curies":[{"name":"wp","href":"https:\/\/api.w.org\/{rel}","templated":true}]}}