{"id":68112,"date":"2019-11-21T07:21:17","date_gmt":"2019-11-21T12:21:17","guid":{"rendered":"https:\/\/linitiative.ca\/International\/a-la-suite-de-la-plainte-dun-contrebandier-des-douaniers-suspectes-de-vol-de-1100-recepteurs\/"},"modified":"2019-11-21T07:21:17","modified_gmt":"2019-11-21T12:21:17","slug":"a-la-suite-de-la-plainte-dun-contrebandier-des-douaniers-suspectes-de-vol-de-1100-recepteurs","status":"publish","type":"post","link":"https:\/\/linitiative.ca\/International\/a-la-suite-de-la-plainte-dun-contrebandier-des-douaniers-suspectes-de-vol-de-1100-recepteurs\/","title":{"rendered":"A la suite de la plainte d\u2019un contrebandier : Des douaniers suspect\u00e9s de vol de 1100 r\u00e9cepteurs"},"content":{"rendered":"<p>Une information judiciaire a \u00e9t\u00e9 ouverte contre 11 individus parmi eux huit agents de la brigade de la Douane \u00e0 Grombalia (gouvernorat de Nabeul) suspect\u00e9s de vols de produits saisis, d\u2019apr\u00e8s Mohamed Mansour, porte-parole du tribunal de premi\u00e8re instance \u00e0 Grombalia.<\/p>\n<p>\u00ab L\u2019enqu\u00eate est lanc\u00e9e suite \u00e0 une plainte d\u00e9pos\u00e9e par un citoyen accusant des agents de la douane de voler une partie de sa marchandise saisie qui consiste en des r\u00e9cepteurs \u00bb, a-t-il ajout\u00e9.<\/p>\n<p>Haythem Zanned, porte-parole de la direction g\u00e9n\u00e9rale de la douane, a soulign\u00e9 qu\u2019une enqu\u00eate administrative contre les suspects dans cette affaire est men\u00e9e mais elle a \u00e9t\u00e9 temporairement suspendue apr\u00e8s que le dossier est transf\u00e9r\u00e9 devant la justice.<\/p>\n<p>\u00ab La direction attend les r\u00e9sultats de l\u2019enqu\u00eate judicaire pour prendre les mesures administratives appropri\u00e9es \u00bb, a-t-il pr\u00e9cis\u00e9.<\/p>\n<p>La m\u00eame source a d\u00e9menti les informations relay\u00e9es sur les r\u00e9seaux sociaux selon lesquelles la direction g\u00e9n\u00e9rale de la douane a tent\u00e9 d\u2019influencer le d\u00e9roulement de l\u2019enqu\u00eate.<\/p>\n<p>L\u2019affaire date depuis quelques jours quand des agents de la douane \u00e0 Grombalia ont saisi environ 2300 r\u00e9cepteurs et r\u00e9dig\u00e9 un proc\u00e8s verbal contre le contrebandier qui apr\u00e8s quelques jours a d\u00e9pos\u00e9 une plainte affirmant que son camion \u00e9tait charg\u00e9 de 3400 r\u00e9cepteurs et accusant les agents de la Douane de lui voler 1100 r\u00e9cepteurs.<\/p>\n<p class=\"dpsp-share-text\">Partager c&rsquo;est aimer!<\/p>\n<div class=\"wp-post-author-wrap wp-post-author-shortcode left\">\n<h3 class=\"awpa-title\"\/>\n<div class=\"wp-post-author\">\n<div class=\"awpa-img awpa-author-block square\"><a href=\"http:\/\/lexpertjournal.net\/fr\/author\/expert\/\"><img loading=\"lazy\" decoding=\"async\" alt=\"\" src=\"http:\/\/2.gravatar.com\/avatar\/56d99be2a6f97af88ccb49fada637fcd?s=150&#038;d=mm&#038;r=g\" srcset=\"http:\/\/2.gravatar.com\/avatar\/56d99be2a6f97af88ccb49fada637fcd?s=300&#038;d=mm&#038;r=g 2x\" class=\"avatar avatar-150 photo\" height=\"150\" width=\"150\"\/><\/a><\/div>\n<\/div>\n<\/div>\n<p>Auteur: L&rsquo;expert<br \/>\n<a href=\"http:\/\/lexpertjournal.net\/fr\/2019\/11\/21\/a-la-suite-de-la-plainte-dun-contrebandier-des-douaniers-suspectes-de-vol-de-1100-recepteurs\/\">Cliquez ici pour lire l&rsquo;article depuis sa source.<\/a><\/p>\n","protected":false},"excerpt":{"rendered":"<p>Une information judiciaire a \u00e9t\u00e9 ouverte contre 11 individus parmi eux huit agents de la brigade de la Douane \u00e0 Grombalia (gouvernorat de Nabeul) suspect\u00e9s de vols de produits saisis, d\u2019apr\u00e8s Mohamed Mansour, porte-parole du tribunal de premi\u00e8re instance \u00e0 Grombalia. \u00ab L\u2019enqu\u00eate est lanc\u00e9e suite \u00e0 une plainte d\u00e9pos\u00e9e par un citoyen accusant des [&hellip;]<\/p>\n","protected":false},"author":1775,"featured_media":0,"comment_status":"closed","ping_status":"closed","sticky":false,"template":"","format":"standard","meta":{"fifu_image_url":"","fifu_image_alt":"","footnotes":""},"categories":[78,55],"tags":[],"class_list":["post-68112","post","type-post","status-publish","format-standard","hentry","category-economie","category-tunisie"],"_links":{"self":[{"href":"https:\/\/linitiative.ca\/International\/wp-json\/wp\/v2\/posts\/68112","targetHints":{"allow":["GET"]}}],"collection":[{"href":"https:\/\/linitiative.ca\/International\/wp-json\/wp\/v2\/posts"}],"about":[{"href":"https:\/\/linitiative.ca\/International\/wp-json\/wp\/v2\/types\/post"}],"author":[{"embeddable":true,"href":"https:\/\/linitiative.ca\/International\/wp-json\/wp\/v2\/users\/1775"}],"replies":[{"embeddable":true,"href":"https:\/\/linitiative.ca\/International\/wp-json\/wp\/v2\/comments?post=68112"}],"version-history":[{"count":0,"href":"https:\/\/linitiative.ca\/International\/wp-json\/wp\/v2\/posts\/68112\/revisions"}],"wp:attachment":[{"href":"https:\/\/linitiative.ca\/International\/wp-json\/wp\/v2\/media?parent=68112"}],"wp:term":[{"taxonomy":"category","embeddable":true,"href":"https:\/\/linitiative.ca\/International\/wp-json\/wp\/v2\/categories?post=68112"},{"taxonomy":"post_tag","embeddable":true,"href":"https:\/\/linitiative.ca\/International\/wp-json\/wp\/v2\/tags?post=68112"}],"curies":[{"name":"wp","href":"https:\/\/api.w.org\/{rel}","templated":true}]}}