{"id":68113,"date":"2019-11-21T07:23:27","date_gmt":"2019-11-21T12:23:27","guid":{"rendered":"https:\/\/linitiative.ca\/International\/tractations-pour-le-nouveau-gouvernement-ennahdha-nentrera-pas-dans-un-gouvernement-avec-qalb-tounes\/"},"modified":"2019-11-21T07:23:27","modified_gmt":"2019-11-21T12:23:27","slug":"tractations-pour-le-nouveau-gouvernement-ennahdha-nentrera-pas-dans-un-gouvernement-avec-qalb-tounes","status":"publish","type":"post","link":"https:\/\/linitiative.ca\/International\/tractations-pour-le-nouveau-gouvernement-ennahdha-nentrera-pas-dans-un-gouvernement-avec-qalb-tounes\/","title":{"rendered":"Tractations pour le nouveau gouvernement : Ennahdha n\u2019entrera pas dans un gouvernement avec Qalb Toun\u00e8s"},"content":{"rendered":"<p>Le pr\u00e9sident d\u2019Ennahdha, Rached Ghannouchi, a d\u00e9clar\u00e9 que son parti n\u2019entrera pas dans un gouvernement auquel participe \u00ab Qalb Toun\u00e8s \u00bb.<\/p>\n<p>Ennahdha apposera \u00ab un veto \u00bb sur la participation de certains partis politiques, a-t-il affirm\u00e9 dans une d\u00e9claration \u00e0 la presse \u00e0 l\u2019issue de sa rencontre, mercredi, avec le chef du gouvernement d\u00e9sign\u00e9.<\/p>\n<p>\u00ab J\u2019ai per\u00e7u aupr\u00e8s du chef du gouvernement la volont\u00e9 de former, au plus vite, son cabinet minist\u00e9riel \u00bb, a-t-il ajout\u00e9.<\/p>\n<p>Rached Ghannouchi a qualifi\u00e9 de \u00ab positive \u00bb sa rencontre avec le chef du gouvernement d\u00e9sign\u00e9, Habib Jemli, pr\u00e9cisant que \u00ab l\u2019entretien n\u2019a pas abord\u00e9 la question des portefeuilles minist\u00e9riels \u00bb.<\/p>\n<p>Il a indiqu\u00e9, dans ce sens, que l\u2019entrevue a port\u00e9 sur les orientations g\u00e9n\u00e9rales du gouvernement ainsi que ses priorit\u00e9s en cette phase, notamment celles relatives aux domaines social et \u00e9conomique et en mati\u00e8re de lutte contre la corruption.<\/p>\n<p>Le pr\u00e9sident d\u2019Ennahdha, \u00e9lu la semaine derni\u00e8re pr\u00e9sident du parlement, a fait savoir que Habib Jemli a \u00ab pr\u00e9sent\u00e9 \u00e0 la d\u00e9l\u00e9gation d\u2019Ennahdha une id\u00e9e d\u2019ensemble sur ses premiers contacts avec les partis politiques et les organisations nationales \u00bb.<\/p>\n<p>Selon Ghannouchi, le chef du gouvernement d\u00e9sign\u00e9 s\u2019est dit satisfait des r\u00e9sultats de ses premi\u00e8res rencontres avec les partis. Ces derniers, a-t-il relev\u00e9, ont exprim\u00e9 \u00ab leur pr\u00e9disposition \u00e0 participer au futur gouvernement sur la base d\u2019un programme \u00bb.<\/p>\n<p>Ghannouchi a rappel\u00e9 l\u2019accord concernant la commission en charge des programmes du futur gouvernement, compos\u00e9e par les repr\u00e9sentants des partis ayant accept\u00e9 le principe de participer au gouvernement. \u00ab Cette commission aura pour mission de d\u00e9finir et d\u2019adopter les programmes, ce qui permettra au prochain gouvernement d\u2019entrer rapidement en fonction, loin de tout conflit sur les postes et les quotas partisans \u00bb.<\/p>\n<p class=\"dpsp-share-text\">Partager c&rsquo;est aimer!<\/p>\n<div class=\"wp-post-author-wrap wp-post-author-shortcode left\">\n<h3 class=\"awpa-title\"\/>\n<div class=\"wp-post-author\">\n<div class=\"awpa-img awpa-author-block square\"><a href=\"http:\/\/lexpertjournal.net\/fr\/author\/expert\/\"><img loading=\"lazy\" decoding=\"async\" alt=\"\" src=\"http:\/\/2.gravatar.com\/avatar\/56d99be2a6f97af88ccb49fada637fcd?s=150&#038;d=mm&#038;r=g\" srcset=\"http:\/\/2.gravatar.com\/avatar\/56d99be2a6f97af88ccb49fada637fcd?s=300&#038;d=mm&#038;r=g 2x\" class=\"avatar avatar-150 photo\" height=\"150\" width=\"150\"\/><\/a><\/div>\n<\/div>\n<\/div>\n<p>Auteur: L&rsquo;expert<br \/>\n<a href=\"http:\/\/lexpertjournal.net\/fr\/2019\/11\/21\/tractations-pour-le-nouveau-gouvernement-ennahdha-nentrera-pas-dans-un-gouvernement-avec-qalb-tounes\/\">Cliquez ici pour lire l&rsquo;article depuis sa source.<\/a><\/p>\n","protected":false},"excerpt":{"rendered":"<p>Le pr\u00e9sident d\u2019Ennahdha, Rached Ghannouchi, a d\u00e9clar\u00e9 que son parti n\u2019entrera pas dans un gouvernement auquel participe \u00ab Qalb Toun\u00e8s \u00bb. Ennahdha apposera \u00ab un veto \u00bb sur la participation de certains partis politiques, a-t-il affirm\u00e9 dans une d\u00e9claration \u00e0 la presse \u00e0 l\u2019issue de sa rencontre, mercredi, avec le chef du gouvernement d\u00e9sign\u00e9. \u00ab [&hellip;]<\/p>\n","protected":false},"author":1775,"featured_media":0,"comment_status":"closed","ping_status":"closed","sticky":false,"template":"","format":"standard","meta":{"fifu_image_url":"","fifu_image_alt":"","footnotes":""},"categories":[78,55],"tags":[],"class_list":["post-68113","post","type-post","status-publish","format-standard","hentry","category-economie","category-tunisie"],"_links":{"self":[{"href":"https:\/\/linitiative.ca\/International\/wp-json\/wp\/v2\/posts\/68113","targetHints":{"allow":["GET"]}}],"collection":[{"href":"https:\/\/linitiative.ca\/International\/wp-json\/wp\/v2\/posts"}],"about":[{"href":"https:\/\/linitiative.ca\/International\/wp-json\/wp\/v2\/types\/post"}],"author":[{"embeddable":true,"href":"https:\/\/linitiative.ca\/International\/wp-json\/wp\/v2\/users\/1775"}],"replies":[{"embeddable":true,"href":"https:\/\/linitiative.ca\/International\/wp-json\/wp\/v2\/comments?post=68113"}],"version-history":[{"count":0,"href":"https:\/\/linitiative.ca\/International\/wp-json\/wp\/v2\/posts\/68113\/revisions"}],"wp:attachment":[{"href":"https:\/\/linitiative.ca\/International\/wp-json\/wp\/v2\/media?parent=68113"}],"wp:term":[{"taxonomy":"category","embeddable":true,"href":"https:\/\/linitiative.ca\/International\/wp-json\/wp\/v2\/categories?post=68113"},{"taxonomy":"post_tag","embeddable":true,"href":"https:\/\/linitiative.ca\/International\/wp-json\/wp\/v2\/tags?post=68113"}],"curies":[{"name":"wp","href":"https:\/\/api.w.org\/{rel}","templated":true}]}}