{"id":68114,"date":"2019-11-21T07:25:22","date_gmt":"2019-11-21T12:25:22","guid":{"rendered":"https:\/\/linitiative.ca\/International\/groupements-residentiels-batis-sur-des-terrains-domaniaux-prochainement-demarrage-de-la-regularisation-de-la-situation-fonciere\/"},"modified":"2019-11-21T07:25:22","modified_gmt":"2019-11-21T12:25:22","slug":"groupements-residentiels-batis-sur-des-terrains-domaniaux-prochainement-demarrage-de-la-regularisation-de-la-situation-fonciere","status":"publish","type":"post","link":"https:\/\/linitiative.ca\/International\/groupements-residentiels-batis-sur-des-terrains-domaniaux-prochainement-demarrage-de-la-regularisation-de-la-situation-fonciere\/","title":{"rendered":"Groupements r\u00e9sidentiels b\u00e2tis sur des terrains domaniaux : Prochainement, d\u00e9marrage de la r\u00e9gularisation de la situation fonci\u00e8re"},"content":{"rendered":"<p>Le minist\u00e8re des domaines de l\u2019Etat et des affaires fonci\u00e8res entamera dans les semaines \u00e0 venir la r\u00e9alisation du projet relatif \u00e0 la r\u00e9gularisation de la situation fonci\u00e8re des groupements r\u00e9sidentiels b\u00e2tis sur des terrains domaniaux qui a \u00e9t\u00e9 adopt\u00e9 en vertu du d\u00e9cret n 504 de l\u2019ann\u00e9e 2018 en date du 7 juin 2018. Cette r\u00e9alisation interviendra apr\u00e8s l\u2019accord du minist\u00e8re des finances concernant le financement du d\u00e9marrage de ce grand projet dans les plus brefs d\u00e9lais.<\/p>\n<p>Ledit projet \u00e0 vocation nationale permettra de r\u00e9gulariser la situation fonci\u00e8re d\u2019au moins 150.000 logements b\u00e2tis sur des terrains domaniaux r\u00e9partis sur 1264 groupements r\u00e9sidentiels dans toutes les r\u00e9gions du pays dont la superficie avoisine 11.000 hectares. Le but est de permettre aux citoyens r\u00e9sidents sur ces terrains de bonne foi avant l\u2019ann\u00e9e 2000 d\u2019avoir des titres de propri\u00e9t\u00e9 individuels.<\/p>\n<p>Par ailleurs, une des sp\u00e9cificit\u00e9s du projet consiste dans les prix propos\u00e9s \u00e0 titre symbolique qui ont \u00e9t\u00e9 \u00e9tablis comme suit :<\/p>\n<p>\u2013 20 d le m\u00e8tre carr\u00e9 au maximum.<\/p>\n<p>\u2013\u00a0 Entre 6 d et 12 d le m\u00e8tre carr\u00e9 pour les r\u00e9sidents des quartiers populaires et \u00e0 l\u2019int\u00e9rieur du pays.<\/p>\n<p>\u2013 5 d le m\u00e8tre carr\u00e9 pour les familles n\u00e9cessiteuses et les plus d\u00e9munis quel que soit l\u2019emplacement du logement.<\/p>\n<p>Il est \u00e0 noter que l\u2019Etat se chargera des frais des travaux techniques obligatoires pour l\u2019octroi des titres de propri\u00e9t\u00e9s aux b\u00e9n\u00e9ficiaires de ce grand projet qui se positionnait parmi les grandes priorit\u00e9s au sein du minist\u00e8re des domaines de l\u2019Etat et des affaires fonci\u00e8res.<\/p>\n<p class=\"dpsp-share-text\">Partager c&rsquo;est aimer!<\/p>\n<div class=\"wp-post-author-wrap wp-post-author-shortcode left\">\n<h3 class=\"awpa-title\"\/>\n<div class=\"wp-post-author\">\n<div class=\"awpa-img awpa-author-block square\"><a href=\"http:\/\/lexpertjournal.net\/fr\/author\/expert\/\"><img loading=\"lazy\" decoding=\"async\" alt=\"\" src=\"http:\/\/2.gravatar.com\/avatar\/56d99be2a6f97af88ccb49fada637fcd?s=150&#038;d=mm&#038;r=g\" srcset=\"http:\/\/2.gravatar.com\/avatar\/56d99be2a6f97af88ccb49fada637fcd?s=300&#038;d=mm&#038;r=g 2x\" class=\"avatar avatar-150 photo\" height=\"150\" width=\"150\"\/><\/a><\/div>\n<\/div>\n<\/div>\n<p>Auteur: L&rsquo;expert<br \/>\n<a href=\"http:\/\/lexpertjournal.net\/fr\/2019\/11\/21\/groupements-residentiels-batis-sur-des-terrains-domaniaux-prochainement-demarrage-de-la-regularisation-de-la-situation-fonciere\/\">Cliquez ici pour lire l&rsquo;article depuis sa source.<\/a><\/p>\n","protected":false},"excerpt":{"rendered":"<p>Le minist\u00e8re des domaines de l\u2019Etat et des affaires fonci\u00e8res entamera dans les semaines \u00e0 venir la r\u00e9alisation du projet relatif \u00e0 la r\u00e9gularisation de la situation fonci\u00e8re des groupements r\u00e9sidentiels b\u00e2tis sur des terrains domaniaux qui a \u00e9t\u00e9 adopt\u00e9 en vertu du d\u00e9cret n 504 de l\u2019ann\u00e9e 2018 en date du 7 juin 2018. [&hellip;]<\/p>\n","protected":false},"author":1775,"featured_media":0,"comment_status":"closed","ping_status":"closed","sticky":false,"template":"","format":"standard","meta":{"fifu_image_url":"","fifu_image_alt":"","footnotes":""},"categories":[78,55],"tags":[],"class_list":["post-68114","post","type-post","status-publish","format-standard","hentry","category-economie","category-tunisie"],"_links":{"self":[{"href":"https:\/\/linitiative.ca\/International\/wp-json\/wp\/v2\/posts\/68114","targetHints":{"allow":["GET"]}}],"collection":[{"href":"https:\/\/linitiative.ca\/International\/wp-json\/wp\/v2\/posts"}],"about":[{"href":"https:\/\/linitiative.ca\/International\/wp-json\/wp\/v2\/types\/post"}],"author":[{"embeddable":true,"href":"https:\/\/linitiative.ca\/International\/wp-json\/wp\/v2\/users\/1775"}],"replies":[{"embeddable":true,"href":"https:\/\/linitiative.ca\/International\/wp-json\/wp\/v2\/comments?post=68114"}],"version-history":[{"count":0,"href":"https:\/\/linitiative.ca\/International\/wp-json\/wp\/v2\/posts\/68114\/revisions"}],"wp:attachment":[{"href":"https:\/\/linitiative.ca\/International\/wp-json\/wp\/v2\/media?parent=68114"}],"wp:term":[{"taxonomy":"category","embeddable":true,"href":"https:\/\/linitiative.ca\/International\/wp-json\/wp\/v2\/categories?post=68114"},{"taxonomy":"post_tag","embeddable":true,"href":"https:\/\/linitiative.ca\/International\/wp-json\/wp\/v2\/tags?post=68114"}],"curies":[{"name":"wp","href":"https:\/\/api.w.org\/{rel}","templated":true}]}}