{"id":68115,"date":"2019-11-21T13:04:40","date_gmt":"2019-11-21T18:04:40","guid":{"rendered":"https:\/\/linitiative.ca\/International\/session-de-formation-en-decembre-prochain-sur-la-protection-et-la-rehabilitation-des-forts-de-la-ville-doran\/"},"modified":"2019-11-21T13:04:40","modified_gmt":"2019-11-21T18:04:40","slug":"session-de-formation-en-decembre-prochain-sur-la-protection-et-la-rehabilitation-des-forts-de-la-ville-doran","status":"publish","type":"post","link":"https:\/\/linitiative.ca\/International\/session-de-formation-en-decembre-prochain-sur-la-protection-et-la-rehabilitation-des-forts-de-la-ville-doran\/","title":{"rendered":"Session de formation en d\u00e9cembre prochain sur la protection et la r\u00e9habilitation des forts de la ville d\u2019Oran  \u00a0"},"content":{"rendered":"<p><span class=\"sp-nh-title\">Natation\/Championnat national inter-clubs: participation de 502 nageurs<\/span> &#8211; <span class=\"sp-nh-date\">jeudi 21 novembre 2019 19:00<\/span><\/p>\n<p><span class=\"sp-nh-title\">Hausse du trafic maritime et marchandises au port d&rsquo;Alger au 3e trimestre de 2019<\/span> &#8211; <span class=\"sp-nh-date\">jeudi 21 novembre 2019 18:57<\/span><\/p>\n<p><span class=\"sp-nh-title\">Tindouf\/ Radio et t\u00e9l\u00e9diffusion: les zones d\u2019ombre \u00e9limin\u00e9es dans les huit prochain mois<\/span> &#8211; <span class=\"sp-nh-date\">jeudi 21 novembre 2019 18:47<\/span><\/p>\n<p><span class=\"sp-nh-title\">Tamanrasset: une campagne m\u00e9dicale militaire au profit des populations des zones enclav\u00e9es de Silet<\/span> &#8211; <span class=\"sp-nh-date\">jeudi 21 novembre 2019 18:44<\/span><\/p>\n<p><span class=\"sp-nh-title\">Session de formation en d\u00e9cembre prochain sur la protection et la r\u00e9habilitation des forts de la ville d\u2019Oran \u00a0<\/span> &#8211; <span class=\"sp-nh-date\">jeudi 21 novembre 2019 17:42<\/span><\/p>\n<p><span class=\"sp-nh-title\">Pr\u00e9sidentielle: toutes les dispositions prises pour la r\u00e9ussite du processus \u00e9lectoral<\/span> &#8211; <span class=\"sp-nh-date\">jeudi 21 novembre 2019 17:23<\/span><\/p>\n<p><span class=\"sp-nh-title\">Campagne ol\u00e9icole nationale: pr\u00e9vision de production de 100 millions de litres d\u2019huile<\/span> &#8211; <span class=\"sp-nh-date\">jeudi 21 novembre 2019 17:02<\/span><\/p>\n<p><span class=\"sp-nh-title\">Signalisation ferroviaire: des syst\u00e8mes modernes en cours d&rsquo;installation<\/span> &#8211; <span class=\"sp-nh-date\">jeudi 21 novembre 2019 16:47<\/span><\/p>\n<p><span class=\"sp-nh-title\">Bengrina s&rsquo;engage \u00e0 Relizane \u00e0 faire face \u00e0 ceux qui veulent attenter \u00e0 l&rsquo;Alg\u00e9rie<\/span> &#8211; <span class=\"sp-nh-date\">jeudi 21 novembre 2019 16:45<\/span><\/p>\n<p><span class=\"sp-nh-title\">Tebboune s&rsquo;engage \u00e0 la criminalisation de l&#8217;emprise de l&rsquo;argent sale sur les \u00e9lections<\/span> &#8211; <span class=\"sp-nh-date\">jeudi 21 novembre 2019 16:40<\/span><\/p>\n<p><span class=\"sp-nh-title\">Benflis appelle de Tiaret \u00e0 rompre avec les anciennes pratiques<\/span> &#8211; <span class=\"sp-nh-date\">jeudi 21 novembre 2019 16:08<\/span><\/p>\n<p><span class=\"sp-nh-title\">Une d\u00e9l\u00e9gation de l&rsquo;APN prendra part \u00e0 l&rsquo;Eucoco<\/span> &#8211; <span class=\"sp-nh-date\">jeudi 21 novembre 2019 16:00<\/span><\/p>\n<p><span class=\"sp-nh-title\">Incendies en milieu hospitalier: plaidoyer pour l\u2019organisation p\u00e9riodique d\u2019exercices d\u2019\u00e9vacuation<\/span> &#8211; <span class=\"sp-nh-date\">jeudi 21 novembre 2019 15:26<\/span><\/p>\n<p><span class=\"sp-nh-title\">Colonisation isra\u00e9lienne: poursuite des r\u00e9actions internationales, r\u00e9union lundi de la Ligue arabe\u00a0<\/span> &#8211; <span class=\"sp-nh-date\">jeudi 21 novembre 2019 15:21<\/span><\/p>\n<p><span class=\"sp-nh-title\">Banques publiques: application du programme de r\u00e9forme prochainement<\/span> &#8211; <span class=\"sp-nh-date\">jeudi 21 novembre 2019 14:46<\/span><\/p>\n<p><span class=\"sp-nh-title\">Jeux Olympiques 2020: les organisateurs d\u00e9voilent le centre aquatique olympique<\/span> &#8211; <span class=\"sp-nh-date\">jeudi 21 novembre 2019 13:10<\/span><\/p>\n<p><span class=\"sp-nh-title\">Ralliement aux groupes terroristes: 2 individus appr\u00e9hend\u00e9s \u00e0 Relizane et El Taref<\/span> &#8211; <span class=\"sp-nh-date\">jeudi 21 novembre 2019 13:04<\/span><\/p>\n<p><span class=\"sp-nh-title\">Vitoria-Gasteiz h\u00f4te de la 44e Eucoco, plusieurs d\u00e9l\u00e9gations au rendez-vous<\/span> &#8211; <span class=\"sp-nh-date\">jeudi 21 novembre 2019 12:33<\/span><\/p>\n<p><span class=\"sp-nh-title\">Pr\u00e9sidentielle-2019: carnet du 5e jour de la campagne \u00e9lectorale<\/span> &#8211; <span class=\"sp-nh-date\">jeudi 21 novembre 2019 12:32<\/span><\/p>\n<p><span class=\"sp-nh-title\">Tournoi juniors Oujda Angad Open: Mebarki qualifi\u00e9e pour les quarts de finale<\/span> &#8211; <span class=\"sp-nh-date\">jeudi 21 novembre 2019 12:24<\/span><\/p>\n<p>Auteur:<br \/>\n<a href=\"http:\/\/www.aps.dz\/culture\/97853-session-de-formation-en-decembre-prochain-sur-la-protection-et-la-rehabilitation-des-forts-de-la-ville-d-oran\">Cliquez ici pour lire l&rsquo;article depuis sa source.<\/a><\/p>\n","protected":false},"excerpt":{"rendered":"<p>Natation\/Championnat national inter-clubs: participation de 502 nageurs &#8211; jeudi 21 novembre 2019 19:00 Hausse du trafic maritime et marchandises au port d&rsquo;Alger au 3e trimestre de 2019 &#8211; jeudi 21 novembre 2019 18:57 Tindouf\/ Radio et t\u00e9l\u00e9diffusion: les zones d\u2019ombre \u00e9limin\u00e9es dans les huit prochain mois &#8211; jeudi 21 novembre 2019 18:47 Tamanrasset: une campagne [&hellip;]<\/p>\n","protected":false},"author":1790,"featured_media":0,"comment_status":"closed","ping_status":"closed","sticky":false,"template":"","format":"standard","meta":{"fifu_image_url":"","fifu_image_alt":"","footnotes":""},"categories":[53,79],"tags":[],"class_list":["post-68115","post","type-post","status-publish","format-standard","hentry","category-algerie","category-culture"],"_links":{"self":[{"href":"https:\/\/linitiative.ca\/International\/wp-json\/wp\/v2\/posts\/68115","targetHints":{"allow":["GET"]}}],"collection":[{"href":"https:\/\/linitiative.ca\/International\/wp-json\/wp\/v2\/posts"}],"about":[{"href":"https:\/\/linitiative.ca\/International\/wp-json\/wp\/v2\/types\/post"}],"author":[{"embeddable":true,"href":"https:\/\/linitiative.ca\/International\/wp-json\/wp\/v2\/users\/1790"}],"replies":[{"embeddable":true,"href":"https:\/\/linitiative.ca\/International\/wp-json\/wp\/v2\/comments?post=68115"}],"version-history":[{"count":0,"href":"https:\/\/linitiative.ca\/International\/wp-json\/wp\/v2\/posts\/68115\/revisions"}],"wp:attachment":[{"href":"https:\/\/linitiative.ca\/International\/wp-json\/wp\/v2\/media?parent=68115"}],"wp:term":[{"taxonomy":"category","embeddable":true,"href":"https:\/\/linitiative.ca\/International\/wp-json\/wp\/v2\/categories?post=68115"},{"taxonomy":"post_tag","embeddable":true,"href":"https:\/\/linitiative.ca\/International\/wp-json\/wp\/v2\/tags?post=68115"}],"curies":[{"name":"wp","href":"https:\/\/api.w.org\/{rel}","templated":true}]}}