{"id":68116,"date":"2019-11-21T05:00:00","date_gmt":"2019-11-21T10:00:00","guid":{"rendered":"https:\/\/linitiative.ca\/International\/veillee-de-soutien-aux-detenus-du-hirak-a-montreal\/"},"modified":"2019-11-21T05:00:00","modified_gmt":"2019-11-21T10:00:00","slug":"veillee-de-soutien-aux-detenus-du-hirak-a-montreal","status":"publish","type":"post","link":"https:\/\/linitiative.ca\/International\/veillee-de-soutien-aux-detenus-du-hirak-a-montreal\/","title":{"rendered":"Veill\u00e9e de soutien aux d\u00e9tenus du \u201chirak\u201d \u00e0 Montr\u00e9al"},"content":{"rendered":"<div id=\"originalText\" readability=\"41\">\n<p class=\"c6\">Le Comit\u00e9 de soutien pour les droits de la personne en Alg\u00e9rie tiendra ce soir \u00e0 Montr\u00e9al une veill\u00e9e en guise de soutien aux d\u00e9tenus d\u2019opinion de la r\u00e9volution populaire. Le rassemblement aura lieu devant les locaux d\u2019Amnesty International.<\/p>\n<p class=\"c6\">Cette quatri\u00e8me veill\u00e9e sera organis\u00e9e sous le mot d\u2019ordre g\u00e9n\u00e9rique \u201cLib\u00e9rez tous les d\u00e9tenus d\u2019opinion et politiques en Alg\u00e9rie\u201d. L\u2019action fait \u00e9cho \u00e0 l\u2019op\u00e9ration \u201cmehraz\u201d qui, depuis le 31 octobre dernier, se d\u00e9roule chaque jeudi soir \u00e0 travers le pays pour soutenir les d\u00e9tenus du Hirak.\u00a0<\/p>\n<\/div>\n<div id=\"text_core\" readability=\"41\">\n<p class=\"c6\">Le Comit\u00e9 de soutien pour les droits de la personne en Alg\u00e9rie tiendra ce soir \u00e0 Montr\u00e9al une veill\u00e9e en guise de soutien aux d\u00e9tenus d\u2019opinion de la r\u00e9volution populaire. Le rassemblement aura lieu devant les locaux d\u2019Amnesty International.<\/p>\n<p class=\"c6\">Cette quatri\u00e8me veill\u00e9e sera organis\u00e9e sous le mot d\u2019ordre g\u00e9n\u00e9rique \u201cLib\u00e9rez tous les d\u00e9tenus d\u2019opinion et politiques en Alg\u00e9rie\u201d. L\u2019action fait \u00e9cho \u00e0 l\u2019op\u00e9ration \u201cmehraz\u201d qui, depuis le 31 octobre dernier, se d\u00e9roule chaque jeudi soir \u00e0 travers le pays pour soutenir les d\u00e9tenus du Hirak.\u00a0<\/p>\n<\/div>\n<p>Auteur:<br \/>\n<a href=\"https:\/\/www.liberte-algerie.com\/radar\/veillee-de-soutien-aux-detenus-du-hirak-a-montreal-328492\">Cliquez ici pour lire l&rsquo;article depuis sa source.<\/a><\/p>\n","protected":false},"excerpt":{"rendered":"<p>Le Comit\u00e9 de soutien pour les droits de la personne en Alg\u00e9rie tiendra ce soir \u00e0 Montr\u00e9al une veill\u00e9e en guise de soutien aux d\u00e9tenus d\u2019opinion de la r\u00e9volution populaire. Le rassemblement aura lieu devant les locaux d\u2019Amnesty International. Cette quatri\u00e8me veill\u00e9e sera organis\u00e9e sous le mot d\u2019ordre g\u00e9n\u00e9rique \u201cLib\u00e9rez tous les d\u00e9tenus d\u2019opinion et [&hellip;]<\/p>\n","protected":false},"author":1742,"featured_media":0,"comment_status":"closed","ping_status":"closed","sticky":false,"template":"","format":"standard","meta":{"fifu_image_url":"","fifu_image_alt":"","footnotes":""},"categories":[73,53],"tags":[],"class_list":["post-68116","post","type-post","status-publish","format-standard","hentry","category-actualite","category-algerie"],"_links":{"self":[{"href":"https:\/\/linitiative.ca\/International\/wp-json\/wp\/v2\/posts\/68116","targetHints":{"allow":["GET"]}}],"collection":[{"href":"https:\/\/linitiative.ca\/International\/wp-json\/wp\/v2\/posts"}],"about":[{"href":"https:\/\/linitiative.ca\/International\/wp-json\/wp\/v2\/types\/post"}],"author":[{"embeddable":true,"href":"https:\/\/linitiative.ca\/International\/wp-json\/wp\/v2\/users\/1742"}],"replies":[{"embeddable":true,"href":"https:\/\/linitiative.ca\/International\/wp-json\/wp\/v2\/comments?post=68116"}],"version-history":[{"count":0,"href":"https:\/\/linitiative.ca\/International\/wp-json\/wp\/v2\/posts\/68116\/revisions"}],"wp:attachment":[{"href":"https:\/\/linitiative.ca\/International\/wp-json\/wp\/v2\/media?parent=68116"}],"wp:term":[{"taxonomy":"category","embeddable":true,"href":"https:\/\/linitiative.ca\/International\/wp-json\/wp\/v2\/categories?post=68116"},{"taxonomy":"post_tag","embeddable":true,"href":"https:\/\/linitiative.ca\/International\/wp-json\/wp\/v2\/tags?post=68116"}],"curies":[{"name":"wp","href":"https:\/\/api.w.org\/{rel}","templated":true}]}}