{"id":68117,"date":"2019-11-21T05:00:00","date_gmt":"2019-11-21T10:00:00","guid":{"rendered":"https:\/\/linitiative.ca\/International\/manifestation-devant-les-bureaux-de-facebook-a-new-york\/"},"modified":"2019-11-21T05:00:00","modified_gmt":"2019-11-21T10:00:00","slug":"manifestation-devant-les-bureaux-de-facebook-a-new-york","status":"publish","type":"post","link":"https:\/\/linitiative.ca\/International\/manifestation-devant-les-bureaux-de-facebook-a-new-york\/","title":{"rendered":"Manifestation devant les bureaux de facebook \u00e0 New York"},"content":{"rendered":"<div id=\"originalText\" readability=\"48\">\n<p class=\"c6\">Des Alg\u00e9riens des \u00c9tats-Unis et du Canada observeront demain un rassemblement de d\u00e9nonciation devant le si\u00e8ge de facebook \u00e0 New York. Pour ce faire, les manifestants comptent documenter les r\u00e9clamations des Alg\u00e9riens qui ont vu leurs comptes ou pages ferm\u00e9es depuis le 22 f\u00e9vrier.<\/p>\n<p class=\"c6\">\u201cAu-del\u00e0 des manifestations et des mails de r\u00e9clamation que beaucoup ont d\u00e9j\u00e0 envoy\u00e9s, nous souhaitons, avec un groupe de militants, constituer un dossier pour donner de la consistance politique \u00e0 nos r\u00e9clamations et le transmettre \u00e0 facebook\u201d, estime le comit\u00e9 initiateur de la manifestation.<\/p>\n<p class=\"c6\">Pour les besoins de la cause, un formulaire est mis en ligne. Les internautes qui ont subi la censure sur le r\u00e9seau social facebook peuvent le remplir pour appuyer le dossier.<\/p>\n<\/div>\n<div id=\"text_core\" readability=\"48\">\n<p class=\"c6\">Des Alg\u00e9riens des \u00c9tats-Unis et du Canada observeront demain un rassemblement de d\u00e9nonciation devant le si\u00e8ge de facebook \u00e0 New York. Pour ce faire, les manifestants comptent documenter les r\u00e9clamations des Alg\u00e9riens qui ont vu leurs comptes ou pages ferm\u00e9es depuis le 22 f\u00e9vrier.<\/p>\n<p class=\"c6\">\u201cAu-del\u00e0 des manifestations et des mails de r\u00e9clamation que beaucoup ont d\u00e9j\u00e0 envoy\u00e9s, nous souhaitons, avec un groupe de militants, constituer un dossier pour donner de la consistance politique \u00e0 nos r\u00e9clamations et le transmettre \u00e0 facebook\u201d, estime le comit\u00e9 initiateur de la manifestation.<\/p>\n<p class=\"c6\">Pour les besoins de la cause, un formulaire est mis en ligne. Les internautes qui ont subi la censure sur le r\u00e9seau social facebook peuvent le remplir pour appuyer le dossier.<\/p>\n<\/div>\n<p>Auteur:<br \/>\n<a href=\"https:\/\/www.liberte-algerie.com\/radar\/manifestation-devant-les-bureaux-de-facebook-a-new-york-328491\">Cliquez ici pour lire l&rsquo;article depuis sa source.<\/a><\/p>\n","protected":false},"excerpt":{"rendered":"<p>Des Alg\u00e9riens des \u00c9tats-Unis et du Canada observeront demain un rassemblement de d\u00e9nonciation devant le si\u00e8ge de facebook \u00e0 New York. Pour ce faire, les manifestants comptent documenter les r\u00e9clamations des Alg\u00e9riens qui ont vu leurs comptes ou pages ferm\u00e9es depuis le 22 f\u00e9vrier. \u201cAu-del\u00e0 des manifestations et des mails de r\u00e9clamation que beaucoup ont [&hellip;]<\/p>\n","protected":false},"author":1742,"featured_media":0,"comment_status":"closed","ping_status":"closed","sticky":false,"template":"","format":"standard","meta":{"fifu_image_url":"","fifu_image_alt":"","footnotes":""},"categories":[73,53],"tags":[],"class_list":["post-68117","post","type-post","status-publish","format-standard","hentry","category-actualite","category-algerie"],"_links":{"self":[{"href":"https:\/\/linitiative.ca\/International\/wp-json\/wp\/v2\/posts\/68117","targetHints":{"allow":["GET"]}}],"collection":[{"href":"https:\/\/linitiative.ca\/International\/wp-json\/wp\/v2\/posts"}],"about":[{"href":"https:\/\/linitiative.ca\/International\/wp-json\/wp\/v2\/types\/post"}],"author":[{"embeddable":true,"href":"https:\/\/linitiative.ca\/International\/wp-json\/wp\/v2\/users\/1742"}],"replies":[{"embeddable":true,"href":"https:\/\/linitiative.ca\/International\/wp-json\/wp\/v2\/comments?post=68117"}],"version-history":[{"count":0,"href":"https:\/\/linitiative.ca\/International\/wp-json\/wp\/v2\/posts\/68117\/revisions"}],"wp:attachment":[{"href":"https:\/\/linitiative.ca\/International\/wp-json\/wp\/v2\/media?parent=68117"}],"wp:term":[{"taxonomy":"category","embeddable":true,"href":"https:\/\/linitiative.ca\/International\/wp-json\/wp\/v2\/categories?post=68117"},{"taxonomy":"post_tag","embeddable":true,"href":"https:\/\/linitiative.ca\/International\/wp-json\/wp\/v2\/tags?post=68117"}],"curies":[{"name":"wp","href":"https:\/\/api.w.org\/{rel}","templated":true}]}}