{"id":68118,"date":"2019-11-21T05:00:00","date_gmt":"2019-11-21T10:00:00","guid":{"rendered":"https:\/\/linitiative.ca\/International\/a-leph-de-sedrata-on-ne-repare-pas-on-achete\/"},"modified":"2019-11-21T05:00:00","modified_gmt":"2019-11-21T10:00:00","slug":"a-leph-de-sedrata-on-ne-repare-pas-on-achete","status":"publish","type":"post","link":"https:\/\/linitiative.ca\/International\/a-leph-de-sedrata-on-ne-repare-pas-on-achete\/","title":{"rendered":"\u00c0 l\u2019EPH de Sedrata on ne r\u00e9pare pas, on ach\u00e8te"},"content":{"rendered":"<div id=\"originalText\" readability=\"43\">\n<p class=\"c6\">Les responsables de l\u2019EPH de Sedrata ont une mani\u00e8re assez particuli\u00e8re de g\u00e9rer l\u2019\u00e9tablissement. Pour rem\u00e9dier \u00e0 un probl\u00e8me de scanner tomb\u00e9 en panne, ils estiment qu\u2019il faut plut\u00f4t acqu\u00e9rir un appareil neuf que de r\u00e9parer celui d\u00e9fectueux.\u00a0<\/p>\n<p class=\"c6\">La raison ? Ils expliquent, dans une note d\u2019information \u00e0 l\u2019intention des malades et sign\u00e9e du directeur de l\u2019\u00e9tablissement, qu\u2019\u00e9tant donn\u00e9 les co\u00fbts exorbitants de l\u2019entretien de l\u2019appareil, une demande a \u00e9t\u00e9 adress\u00e9e aux autorit\u00e9s concern\u00e9es afin de doter l\u2019EPH d\u2019un scanner neuf.\u00a0<\/p>\n<\/div>\n<div id=\"text_core\" readability=\"43\">\n<p class=\"c6\">Les responsables de l\u2019EPH de Sedrata ont une mani\u00e8re assez particuli\u00e8re de g\u00e9rer l\u2019\u00e9tablissement. Pour rem\u00e9dier \u00e0 un probl\u00e8me de scanner tomb\u00e9 en panne, ils estiment qu\u2019il faut plut\u00f4t acqu\u00e9rir un appareil neuf que de r\u00e9parer celui d\u00e9fectueux.\u00a0<\/p>\n<p class=\"c6\">La raison ? Ils expliquent, dans une note d\u2019information \u00e0 l\u2019intention des malades et sign\u00e9e du directeur de l\u2019\u00e9tablissement, qu\u2019\u00e9tant donn\u00e9 les co\u00fbts exorbitants de l\u2019entretien de l\u2019appareil, une demande a \u00e9t\u00e9 adress\u00e9e aux autorit\u00e9s concern\u00e9es afin de doter l\u2019EPH d\u2019un scanner neuf.\u00a0<\/p>\n<\/div>\n<p>Auteur:<br \/>\n<a href=\"https:\/\/www.liberte-algerie.com\/radar\/a-leph-de-sedrata-on-ne-repare-pas-on-achete-328490\">Cliquez ici pour lire l&rsquo;article depuis sa source.<\/a><\/p>\n","protected":false},"excerpt":{"rendered":"<p>Les responsables de l\u2019EPH de Sedrata ont une mani\u00e8re assez particuli\u00e8re de g\u00e9rer l\u2019\u00e9tablissement. Pour rem\u00e9dier \u00e0 un probl\u00e8me de scanner tomb\u00e9 en panne, ils estiment qu\u2019il faut plut\u00f4t acqu\u00e9rir un appareil neuf que de r\u00e9parer celui d\u00e9fectueux.\u00a0 La raison ? Ils expliquent, dans une note d\u2019information \u00e0 l\u2019intention des malades et sign\u00e9e du directeur [&hellip;]<\/p>\n","protected":false},"author":1742,"featured_media":0,"comment_status":"closed","ping_status":"closed","sticky":false,"template":"","format":"standard","meta":{"fifu_image_url":"","fifu_image_alt":"","footnotes":""},"categories":[73,53],"tags":[],"class_list":["post-68118","post","type-post","status-publish","format-standard","hentry","category-actualite","category-algerie"],"_links":{"self":[{"href":"https:\/\/linitiative.ca\/International\/wp-json\/wp\/v2\/posts\/68118","targetHints":{"allow":["GET"]}}],"collection":[{"href":"https:\/\/linitiative.ca\/International\/wp-json\/wp\/v2\/posts"}],"about":[{"href":"https:\/\/linitiative.ca\/International\/wp-json\/wp\/v2\/types\/post"}],"author":[{"embeddable":true,"href":"https:\/\/linitiative.ca\/International\/wp-json\/wp\/v2\/users\/1742"}],"replies":[{"embeddable":true,"href":"https:\/\/linitiative.ca\/International\/wp-json\/wp\/v2\/comments?post=68118"}],"version-history":[{"count":0,"href":"https:\/\/linitiative.ca\/International\/wp-json\/wp\/v2\/posts\/68118\/revisions"}],"wp:attachment":[{"href":"https:\/\/linitiative.ca\/International\/wp-json\/wp\/v2\/media?parent=68118"}],"wp:term":[{"taxonomy":"category","embeddable":true,"href":"https:\/\/linitiative.ca\/International\/wp-json\/wp\/v2\/categories?post=68118"},{"taxonomy":"post_tag","embeddable":true,"href":"https:\/\/linitiative.ca\/International\/wp-json\/wp\/v2\/tags?post=68118"}],"curies":[{"name":"wp","href":"https:\/\/api.w.org\/{rel}","templated":true}]}}