{"id":68119,"date":"2019-11-21T05:00:00","date_gmt":"2019-11-21T10:00:00","guid":{"rendered":"https:\/\/linitiative.ca\/International\/un-recueil-de-poesie-dedie-a-la-revolution-du-sourire\/"},"modified":"2019-11-21T05:00:00","modified_gmt":"2019-11-21T10:00:00","slug":"un-recueil-de-poesie-dedie-a-la-revolution-du-sourire","status":"publish","type":"post","link":"https:\/\/linitiative.ca\/International\/un-recueil-de-poesie-dedie-a-la-revolution-du-sourire\/","title":{"rendered":"Un recueil de po\u00e9sie d\u00e9di\u00e9 \u00e0 la r\u00e9volution du sourire"},"content":{"rendered":"<div id=\"originalText\" readability=\"47\">\n<p class=\"c6\">Le Hirak et le cri du vendredi est le titre d\u2019un nouvel ouvrage sign\u00e9 Floura Sandra, pseudonyme de la jeune \u00e9crivaine Ghania Khier, native de B\u00e9ja\u00efa. Publi\u00e9 aux \u00e9ditions Talantikit de B\u00e9ja\u00efa en octobre dernier, l\u2019ouvrage se d\u00e9cline sous forme d\u2019un recueil de po\u00e8mes d\u00e9di\u00e9s au mouvement de contestation populaire n\u00e9 le 22 f\u00e9vrier 2019.<\/p>\n<p class=\"c6\">L\u2019auteure, une po\u00e9tesse autodidacte \u00e2g\u00e9e de 41 ans, a consacr\u00e9 son deuxi\u00e8me livre \u00e0 la r\u00e9volution pacifique en marche, en mettant en exergue l\u2019espoir que suscite cette derni\u00e8re. Encensant la g\u00e9n\u00e9ration du Hirak qui s\u2019engage \u00e0 \u201clib\u00e9rer\u201d sa patrie des mains de la \u201ci\u00e7aba\u201d, l\u2019\u00e9crivaine b\u00e9jaouie a mis en exergue le patriotisme et le d\u00e9vouement du peuple alg\u00e9rien.<\/p>\n<\/div>\n<div id=\"text_core\" readability=\"47\">\n<p class=\"c6\">Le Hirak et le cri du vendredi est le titre d\u2019un nouvel ouvrage sign\u00e9 Floura Sandra, pseudonyme de la jeune \u00e9crivaine Ghania Khier, native de B\u00e9ja\u00efa. Publi\u00e9 aux \u00e9ditions Talantikit de B\u00e9ja\u00efa en octobre dernier, l\u2019ouvrage se d\u00e9cline sous forme d\u2019un recueil de po\u00e8mes d\u00e9di\u00e9s au mouvement de contestation populaire n\u00e9 le 22 f\u00e9vrier 2019.<\/p>\n<p class=\"c6\">L\u2019auteure, une po\u00e9tesse autodidacte \u00e2g\u00e9e de 41 ans, a consacr\u00e9 son deuxi\u00e8me livre \u00e0 la r\u00e9volution pacifique en marche, en mettant en exergue l\u2019espoir que suscite cette derni\u00e8re. Encensant la g\u00e9n\u00e9ration du Hirak qui s\u2019engage \u00e0 \u201clib\u00e9rer\u201d sa patrie des mains de la \u201ci\u00e7aba\u201d, l\u2019\u00e9crivaine b\u00e9jaouie a mis en exergue le patriotisme et le d\u00e9vouement du peuple alg\u00e9rien.<\/p>\n<\/div>\n<p>Auteur:<br \/>\n<a href=\"https:\/\/www.liberte-algerie.com\/radar\/un-recueil-de-poesie-dedie-a-la-revolution-du-sourire-328489\">Cliquez ici pour lire l&rsquo;article depuis sa source.<\/a><\/p>\n","protected":false},"excerpt":{"rendered":"<p>Le Hirak et le cri du vendredi est le titre d\u2019un nouvel ouvrage sign\u00e9 Floura Sandra, pseudonyme de la jeune \u00e9crivaine Ghania Khier, native de B\u00e9ja\u00efa. Publi\u00e9 aux \u00e9ditions Talantikit de B\u00e9ja\u00efa en octobre dernier, l\u2019ouvrage se d\u00e9cline sous forme d\u2019un recueil de po\u00e8mes d\u00e9di\u00e9s au mouvement de contestation populaire n\u00e9 le 22 f\u00e9vrier 2019. [&hellip;]<\/p>\n","protected":false},"author":1742,"featured_media":0,"comment_status":"closed","ping_status":"closed","sticky":false,"template":"","format":"standard","meta":{"fifu_image_url":"","fifu_image_alt":"","footnotes":""},"categories":[73,53],"tags":[],"class_list":["post-68119","post","type-post","status-publish","format-standard","hentry","category-actualite","category-algerie"],"_links":{"self":[{"href":"https:\/\/linitiative.ca\/International\/wp-json\/wp\/v2\/posts\/68119","targetHints":{"allow":["GET"]}}],"collection":[{"href":"https:\/\/linitiative.ca\/International\/wp-json\/wp\/v2\/posts"}],"about":[{"href":"https:\/\/linitiative.ca\/International\/wp-json\/wp\/v2\/types\/post"}],"author":[{"embeddable":true,"href":"https:\/\/linitiative.ca\/International\/wp-json\/wp\/v2\/users\/1742"}],"replies":[{"embeddable":true,"href":"https:\/\/linitiative.ca\/International\/wp-json\/wp\/v2\/comments?post=68119"}],"version-history":[{"count":0,"href":"https:\/\/linitiative.ca\/International\/wp-json\/wp\/v2\/posts\/68119\/revisions"}],"wp:attachment":[{"href":"https:\/\/linitiative.ca\/International\/wp-json\/wp\/v2\/media?parent=68119"}],"wp:term":[{"taxonomy":"category","embeddable":true,"href":"https:\/\/linitiative.ca\/International\/wp-json\/wp\/v2\/categories?post=68119"},{"taxonomy":"post_tag","embeddable":true,"href":"https:\/\/linitiative.ca\/International\/wp-json\/wp\/v2\/tags?post=68119"}],"curies":[{"name":"wp","href":"https:\/\/api.w.org\/{rel}","templated":true}]}}