{"id":68121,"date":"2019-11-21T04:27:44","date_gmt":"2019-11-21T09:27:44","guid":{"rendered":"https:\/\/linitiative.ca\/International\/des-mesures-proactives-pour-lutter-contre-la-vague-de-froid\/"},"modified":"2019-11-21T04:27:44","modified_gmt":"2019-11-21T09:27:44","slug":"des-mesures-proactives-pour-lutter-contre-la-vague-de-froid","status":"publish","type":"post","link":"https:\/\/linitiative.ca\/International\/des-mesures-proactives-pour-lutter-contre-la-vague-de-froid\/","title":{"rendered":"Des mesures proactives pour lutter contre la vague de froid"},"content":{"rendered":"<div readability=\"35\">\n<p>Al Haouz \u2013 Une batterie de mesures proactives ont \u00e9t\u00e9 prises au niveau de la province d\u2019Al Haouz, pour faire face \u00e0 la vague de froid qui s\u00e9vit dans cette r\u00e9gion durant cette p\u00e9riode de l\u2019ann\u00e9e.<\/p>\n<\/div>\n<div readability=\"72\">\n<p>Le gouverneur de la province d\u2019Al Haouz, Rachid Benchikhi, a pr\u00e9sid\u00e9 r\u00e9cemment une r\u00e9union du Comit\u00e9 provincial de veille d\u2019Al Haouz afin de mettre en \u0153uvre le Plan provincial pour la gestion de la vague de froid et chutes de neige et examiner les mesures proactives pour le d\u00e9senclavement des populations rurales et des zones montagneuses, en tant que m\u00e9canisme pour la coordination des efforts et des interventions selon les secteurs et la d\u00e9finition des priorit\u00e9s.<\/p>\n<p>Un communiqu\u00e9 de la Province indique que le comit\u00e9 provincial a pris toutes les mesures n\u00e9cessaires depuis le d\u00e9but du mois d\u2019octobre et en coordination avec les diff\u00e9rents services, les autorit\u00e9s et les \u00e9lus locaux pour la mise en \u0153uvre du Plan provincial de lutte contre les effets de la vague de froid au titre de 2019-2020, apr\u00e8s l\u2019\u00e9valuation des interventions de la pr\u00e9c\u00e9dente saison hivernale.<\/p>\n<p>Afin d\u2019\u00e9tablir un diagnostic de cette situation, il a \u00e9t\u00e9 proc\u00e9d\u00e9 au recensement des douars concern\u00e9s, dont le nombre s\u2019\u00e9l\u00e8ve \u00e0 79 r\u00e9partis sur 16 communes et se situant sur une altitude de 1500 m \u00e0 2700 m, les femmes enceintes (296 femmes) qui seront transf\u00e9r\u00e9es aux dours al Omouma pour assurer le suivi m\u00e9dical de leurs grossesses ainsi que les personnes souffrant de maladies chroniques (248 personnes) afin d\u2019accompagner leurs cas m\u00e9dicaux.<\/p>\n<p>En outre, 74 ambulances sont mises \u00e0 la disposition des populations pour garantir des interventions efficaces et efficientes dans les diff\u00e9rentes communes territoriales, en plus de 17 t\u00e9l\u00e9phones cellulaires reli\u00e9s aux satellites mises en place par le minist\u00e8re de l\u2019Int\u00e9rieur, pour communiquer et coordonner avec les diff\u00e9rentes zones non couvertes par le r\u00e9seau du t\u00e9l\u00e9phone portable.<\/p>\n<p>En parall\u00e8le, le comit\u00e9 provincial a fourni quelque 137 engins et \u00e9quipements pour les interventions urgentes pour l\u2019ouverture des routes et des pistes.<\/p>\n<p>Lors de cette r\u00e9union, M. Benchikhi a soulign\u00e9 que cette rencontre vient en application des Hautes instructions Royales visant \u00e0 all\u00e9ger les souffrances des populations des zones o\u00f9 s\u00e9vit la vague de froid, appelant les membres du comit\u00e9 \u00e0 consentir davantage d\u2019efforts et \u00e0 se mobiliser pour faire face \u00e0 la vague de froid et contribuer au d\u00e9senclavement des populations locales.<\/p>\n<\/div>\n<p>Auteur: Meriem IGASS<br \/>\n<a href=\"http:\/\/www.mapmarrakech.ma\/fr\/froid\/\">Cliquez ici pour lire l&rsquo;article depuis sa source.<\/a><\/p>\n","protected":false},"excerpt":{"rendered":"<p>Al Haouz \u2013 Une batterie de mesures proactives ont \u00e9t\u00e9 prises au niveau de la province d\u2019Al Haouz, pour faire face \u00e0 la vague de froid qui s\u00e9vit dans cette r\u00e9gion durant cette p\u00e9riode de l\u2019ann\u00e9e. Le gouverneur de la province d\u2019Al Haouz, Rachid Benchikhi, a pr\u00e9sid\u00e9 r\u00e9cemment une r\u00e9union du Comit\u00e9 provincial de veille [&hellip;]<\/p>\n","protected":false},"author":1788,"featured_media":0,"comment_status":"closed","ping_status":"closed","sticky":false,"template":"","format":"standard","meta":{"fifu_image_url":"","fifu_image_alt":"","footnotes":""},"categories":[54,76],"tags":[],"class_list":["post-68121","post","type-post","status-publish","format-standard","hentry","category-maroc","category-regions"],"_links":{"self":[{"href":"https:\/\/linitiative.ca\/International\/wp-json\/wp\/v2\/posts\/68121","targetHints":{"allow":["GET"]}}],"collection":[{"href":"https:\/\/linitiative.ca\/International\/wp-json\/wp\/v2\/posts"}],"about":[{"href":"https:\/\/linitiative.ca\/International\/wp-json\/wp\/v2\/types\/post"}],"author":[{"embeddable":true,"href":"https:\/\/linitiative.ca\/International\/wp-json\/wp\/v2\/users\/1788"}],"replies":[{"embeddable":true,"href":"https:\/\/linitiative.ca\/International\/wp-json\/wp\/v2\/comments?post=68121"}],"version-history":[{"count":0,"href":"https:\/\/linitiative.ca\/International\/wp-json\/wp\/v2\/posts\/68121\/revisions"}],"wp:attachment":[{"href":"https:\/\/linitiative.ca\/International\/wp-json\/wp\/v2\/media?parent=68121"}],"wp:term":[{"taxonomy":"category","embeddable":true,"href":"https:\/\/linitiative.ca\/International\/wp-json\/wp\/v2\/categories?post=68121"},{"taxonomy":"post_tag","embeddable":true,"href":"https:\/\/linitiative.ca\/International\/wp-json\/wp\/v2\/tags?post=68121"}],"curies":[{"name":"wp","href":"https:\/\/api.w.org\/{rel}","templated":true}]}}