{"id":68122,"date":"2019-11-21T04:41:59","date_gmt":"2019-11-21T09:41:59","guid":{"rendered":"https:\/\/linitiative.ca\/International\/ouverture-de-la-16eme-edition-du-congres-national-des-droits-de-lenfant\/"},"modified":"2019-11-21T04:41:59","modified_gmt":"2019-11-21T09:41:59","slug":"ouverture-de-la-16eme-edition-du-congres-national-des-droits-de-lenfant","status":"publish","type":"post","link":"https:\/\/linitiative.ca\/International\/ouverture-de-la-16eme-edition-du-congres-national-des-droits-de-lenfant\/","title":{"rendered":"Ouverture de la 16\u00e8me \u00e9dition du Congr\u00e8s national des droits de l\u2019enfant"},"content":{"rendered":"<p><iframe loading=\"lazy\" width=\"1170\" height=\"658\" src=\"https:\/\/www.youtube.com\/embed\/_YAxF1Cmypw?feature=oembed\" frameborder=\"0\" allow=\"accelerometer; autoplay; encrypted-media; gyroscope; picture-in-picture\" allowfullscreen=\"\">[embedded content]<\/iframe><\/p>\n<div class=\"post-header-inner post-header-title\">\n<p><span class=\"time\"><time class=\"post-published updated\" datetime=\"2019-11-21T10:41:59+00:00\"><strong>21 novembre 2019<\/strong><\/time><\/span><\/p>\n<\/div>\n<div class=\"single-post-excerpt post-excerpt-bc\" readability=\"36\">\n<p>La 16\u00e8me \u00e9dition du Congr\u00e8s national des droits de l\u2019enfant, organis\u00e9e sous le Haut Patronage de Sa Majest\u00e9 le Roi Mohammed VI et la pr\u00e9sidence effective de Son Altesse Royale la Princesse Lalla Meryem, a entam\u00e9 ses travaux \u00e0 Marrakech.<\/p>\n<\/div>\n<p>Auteur: Meriem IGASS<br \/>\n<a href=\"http:\/\/www.mapmarrakech.ma\/fr\/ouverture-de-la-16eme-edition-du-congres-national-des-droits-de-lenfant\/\">Cliquez ici pour lire l&rsquo;article depuis sa source.<\/a><\/p>\n","protected":false},"excerpt":{"rendered":"<p>[embedded content] 21 novembre 2019 La 16\u00e8me \u00e9dition du Congr\u00e8s national des droits de l\u2019enfant, organis\u00e9e sous le Haut Patronage de Sa Majest\u00e9 le Roi Mohammed VI et la pr\u00e9sidence effective de Son Altesse Royale la Princesse Lalla Meryem, a entam\u00e9 ses travaux \u00e0 Marrakech. Auteur: Meriem IGASS Cliquez ici pour lire l&rsquo;article depuis sa [&hellip;]<\/p>\n","protected":false},"author":1788,"featured_media":0,"comment_status":"closed","ping_status":"closed","sticky":false,"template":"","format":"standard","meta":{"fifu_image_url":"","fifu_image_alt":"","footnotes":""},"categories":[54,76],"tags":[],"class_list":["post-68122","post","type-post","status-publish","format-standard","hentry","category-maroc","category-regions"],"_links":{"self":[{"href":"https:\/\/linitiative.ca\/International\/wp-json\/wp\/v2\/posts\/68122","targetHints":{"allow":["GET"]}}],"collection":[{"href":"https:\/\/linitiative.ca\/International\/wp-json\/wp\/v2\/posts"}],"about":[{"href":"https:\/\/linitiative.ca\/International\/wp-json\/wp\/v2\/types\/post"}],"author":[{"embeddable":true,"href":"https:\/\/linitiative.ca\/International\/wp-json\/wp\/v2\/users\/1788"}],"replies":[{"embeddable":true,"href":"https:\/\/linitiative.ca\/International\/wp-json\/wp\/v2\/comments?post=68122"}],"version-history":[{"count":0,"href":"https:\/\/linitiative.ca\/International\/wp-json\/wp\/v2\/posts\/68122\/revisions"}],"wp:attachment":[{"href":"https:\/\/linitiative.ca\/International\/wp-json\/wp\/v2\/media?parent=68122"}],"wp:term":[{"taxonomy":"category","embeddable":true,"href":"https:\/\/linitiative.ca\/International\/wp-json\/wp\/v2\/categories?post=68122"},{"taxonomy":"post_tag","embeddable":true,"href":"https:\/\/linitiative.ca\/International\/wp-json\/wp\/v2\/tags?post=68122"}],"curies":[{"name":"wp","href":"https:\/\/api.w.org\/{rel}","templated":true}]}}