{"id":68123,"date":"2019-11-21T12:58:50","date_gmt":"2019-11-21T17:58:50","guid":{"rendered":"https:\/\/linitiative.ca\/International\/ouverture-du-congres-du-reseau-francophone-profamille\/"},"modified":"2019-11-21T12:58:50","modified_gmt":"2019-11-21T17:58:50","slug":"ouverture-du-congres-du-reseau-francophone-profamille","status":"publish","type":"post","link":"https:\/\/linitiative.ca\/International\/ouverture-du-congres-du-reseau-francophone-profamille\/","title":{"rendered":"Ouverture du congr\u00e8s du R\u00e9seau francophone \u00ab\u00a0Profamille\u00a0\u00bb"},"content":{"rendered":"<div readability=\"36\">\n<p>Marrakech \u2013 Le 20\u00e8me congr\u00e8s annuel du R\u00e9seau francophone \u00ab\u00a0Profamille\u00a0\u00bb a entam\u00e9, jeudi, ses travaux \u00e0 Marrakech avec la participation de plus de 150 experts et sp\u00e9cialistes venus de plusieurs pays francophones.<\/p>\n<\/div>\n<div readability=\"132\">\n<p>Initi\u00e9e par l\u2019Association Chams Tansfit pour la Sant\u00e9 mentale en partenariat avec l\u2019Association SILA pour la Sant\u00e9 mentale (Rabat), le CHU Mohammed VI et l\u2019h\u00f4pital psychiatrique Ibn Nafis, sous le th\u00e8me \u00ab\u00a0Programme Profamille : un projet d\u2019alliance soignant-famille\u00a0\u00bb, cette rencontre de deux jours se veut un espace idoine pour aborder les difficult\u00e9s rencontr\u00e9es par les \u00e9quipes dudit programme et les pistes pour les contourner, ainsi que pour faire le point sur la diffusion de ce programme.<\/p>\n<p>Ce conclave, qui se tient sous l\u2019\u00e9gide du minist\u00e8re de la Sant\u00e9 et de l\u2019Association mondiale de Psychiatrie sociale (WASP), constitue \u00e9galement l\u2019occasion pour une formation continue \u00e0 plusieurs niveaux, \u00e0 travers le partage d\u2019exp\u00e9riences, les bilans d\u2019\u00e9valuation et les ateliers sp\u00e9cifiques de formation.<\/p>\n<p>Cette r\u00e9union annuelle constitue aussi une garantie de la qualit\u00e9 et de l\u2019homog\u00e9n\u00e9isation de la d\u00e9livrance du programme par la mise en \u0153uvre des pratiques et le partage d\u2019exp\u00e9riences et d\u2019expertises.<\/p>\n<p>Dans une d\u00e9claration \u00e0 la MAP \u00e0 cette occasion, la pr\u00e9sidente de l\u2019Association Chams Tansift, Mme Aicha Belarbi s\u2019est f\u00e9licit\u00e9e de l\u2019organisation dans le Royaume de cet \u00e9v\u00e9nement qui conna\u00eet la participation d\u2019experts et de sp\u00e9cialistes marocains et leurs homologues venus de France, de Suisse, de Belgique, de la Principaut\u00e9 de Monaco et du Canada, rappelant que la cit\u00e9 ocre avait abrit\u00e9 ce congr\u00e8s en 2011.<\/p>\n<p>Mme Belarbi a, en outre, mis en exergue la valeur scientifique importante de ce congr\u00e8s, soulignant que le Maroc est le premier pays africain et arabe \u00e0 avoir mis en oeuvre ce programme depuis 2009.<\/p>\n<p>Elle a, dans la foul\u00e9e, fait part de son v\u0153u de voir les travaux de ce conclave sanctionn\u00e9s par des recommandations \u00e0 m\u00eame de donner une nouvelle impulsion aux \u00e9quipes animatrices de ce programme et de permettre de travailler \u00e0 long terme avec les familles des patients.<\/p>\n<p>De son c\u00f4t\u00e9, la pr\u00e9sidente de l\u2019association SILA, Mme Myriam Hirawi, a expliqu\u00e9 que le programme \u00ab\u00a0Profamille\u00a0\u00bb est un programme canadien \u00e0 la base avant d\u2019\u00eatre pratiqu\u00e9 en France, en Suisse et en Belgique et dans d\u2019autres pays francophones.<\/p>\n<p>Il s\u2019agit d\u2019un programme de formation des familles en tant que partie qui souffre le plus en cas d\u2019atteinte d\u2019un proche de troubles psychiatriques, ce qui n\u00e9cessite une prise en charge, a-t-elle poursuivi.<\/p>\n<p>\u00ab\u00a0C\u2019est une prise en charge tr\u00e8s particuli\u00e8re, d\u2019o\u00f9 la n\u00e9cessit\u00e9 d\u2019une formation pour mieux l\u2019assurer et comprendre, accepter et mieux g\u00e9rer la maladie\u00a0\u00bb, a encha\u00een\u00e9 Mme Hirawi, mettant en relief l\u2019important apport de ce programme, les malades des familles b\u00e9n\u00e9ficiaires de cette formation ayant eu 50% de moins de rechutes au cours de leur vie.<\/p>\n<p>Initialement d\u00e9velopp\u00e9 au Qu\u00e9bec, \u00ab\u00a0Profamille\u00a0\u00bb se veut un programme psycho-\u00e9ducatif structur\u00e9, destin\u00e9 aux proches d\u2019un malade souffrant de troubles schizophr\u00e9niques et apparent\u00e9s.<\/p>\n<p>Le R\u00e9seau \u00ab\u00a0Profamille\u00a0\u00bb regroupe l\u2019ensemble des \u00e9quipes qui proposent ce programme. Aujourd\u2019hui, le R\u00e9seau compte plus de 65 \u00e9quipes sur le territoire fran\u00e7ais, et plus de 70 \u00e9quipes dans l\u2019ensemble des pays francophones.<\/p>\n<p>En proposant un programme sur deux ans, permettant d\u2019accompagner les proches des malades atteints de schizophr\u00e9nie, en leur donnant les cl\u00e9s pour mieux comprendre la maladie et leurs proches, le R\u00e9seau \u00ab\u00a0Profamille\u00a0\u00bb permet aux aidants familiaux de mieux r\u00e9agir face \u00e0 la maladie et mieux accompagner leur proche malade.<\/p>\n<p>Actuellement de loin le plus utilis\u00e9 dans le monde francophone et le seul \u00e0 b\u00e9n\u00e9ficier d\u2019une validation scientifique internationale, \u00ab\u00a0Profamille\u00a0\u00bb fait l\u2019objet d\u2019\u00e9valuations r\u00e9guli\u00e8res et son efficacit\u00e9 est d\u00e9montr\u00e9e.<\/p>\n<p>Il r\u00e9duit les r\u00e9-hospitalisations des malades, favorise leur acc\u00e8s \u00e0 l\u2019emploi et am\u00e9liore la qualit\u00e9 de vie et la sant\u00e9 des familles.<\/p>\n<p>En outre, de r\u00e9centes analyses montrent l\u2019impact du suivi du programme \u00ab\u00a0Profamille\u00a0\u00bb sur le nombre de tentatives de suicides des malades.<\/p>\n<\/div>\n<p>Auteur: Meriem IGASS<br \/>\n<a href=\"http:\/\/www.mapmarrakech.ma\/fr\/profamille\/\">Cliquez ici pour lire l&rsquo;article depuis sa source.<\/a><\/p>\n","protected":false},"excerpt":{"rendered":"<p>Marrakech \u2013 Le 20\u00e8me congr\u00e8s annuel du R\u00e9seau francophone \u00ab\u00a0Profamille\u00a0\u00bb a entam\u00e9, jeudi, ses travaux \u00e0 Marrakech avec la participation de plus de 150 experts et sp\u00e9cialistes venus de plusieurs pays francophones. Initi\u00e9e par l\u2019Association Chams Tansfit pour la Sant\u00e9 mentale en partenariat avec l\u2019Association SILA pour la Sant\u00e9 mentale (Rabat), le CHU Mohammed VI [&hellip;]<\/p>\n","protected":false},"author":1788,"featured_media":0,"comment_status":"closed","ping_status":"closed","sticky":false,"template":"","format":"standard","meta":{"fifu_image_url":"","fifu_image_alt":"","footnotes":""},"categories":[54,76],"tags":[],"class_list":["post-68123","post","type-post","status-publish","format-standard","hentry","category-maroc","category-regions"],"_links":{"self":[{"href":"https:\/\/linitiative.ca\/International\/wp-json\/wp\/v2\/posts\/68123","targetHints":{"allow":["GET"]}}],"collection":[{"href":"https:\/\/linitiative.ca\/International\/wp-json\/wp\/v2\/posts"}],"about":[{"href":"https:\/\/linitiative.ca\/International\/wp-json\/wp\/v2\/types\/post"}],"author":[{"embeddable":true,"href":"https:\/\/linitiative.ca\/International\/wp-json\/wp\/v2\/users\/1788"}],"replies":[{"embeddable":true,"href":"https:\/\/linitiative.ca\/International\/wp-json\/wp\/v2\/comments?post=68123"}],"version-history":[{"count":0,"href":"https:\/\/linitiative.ca\/International\/wp-json\/wp\/v2\/posts\/68123\/revisions"}],"wp:attachment":[{"href":"https:\/\/linitiative.ca\/International\/wp-json\/wp\/v2\/media?parent=68123"}],"wp:term":[{"taxonomy":"category","embeddable":true,"href":"https:\/\/linitiative.ca\/International\/wp-json\/wp\/v2\/categories?post=68123"},{"taxonomy":"post_tag","embeddable":true,"href":"https:\/\/linitiative.ca\/International\/wp-json\/wp\/v2\/tags?post=68123"}],"curies":[{"name":"wp","href":"https:\/\/api.w.org\/{rel}","templated":true}]}}